{"id":182495,"date":"2025-01-02T09:03:32","date_gmt":"2025-01-02T12:03:32","guid":{"rendered":"https:\/\/corrientesdetarde.com\/?p=182495"},"modified":"2025-01-02T10:39:38","modified_gmt":"2025-01-02T13:39:38","slug":"nacieron-dos-nuevas-camadas-de-cachorros-de-nutria-gigante-en-el-ibera","status":"publish","type":"post","link":"https:\/\/corrientesdetarde.com\/index.php\/medio-ambiente\/nacieron-dos-nuevas-camadas-de-cachorros-de-nutria-gigante-en-el-ibera\/","title":{"rendered":"Nacieron dos nuevas camadas de cachorros de nutria gigante en el Iber\u00e1"},"content":{"rendered":"\n<p>Dos nuevas camadas de cachorros se sumaron a las familias que viven en grandes recintos en Iber\u00e1, prepar\u00e1ndose para vivir libres en las salvajes aguas del norte argentino.<\/p>\n\n\n\n<p>En este momento las tres parejas reproductivas est\u00e1n sacando adelante a sus cachorros, que ya son grandes protagonistas de la recuperaci\u00f3n de este depredador tope de los ambientes acu\u00e1ticos.<\/p>\n\n\n\n<p>Cerramos el a\u00f1o celebrando que el primer proyecto para recuperar un mam\u00edfero extinto en todo el territorio argentino est\u00e1 avanzando favorablemente.<\/p>\n\n\n\n<figure class=\"wp-block-image size-full\"><img loading=\"lazy\" decoding=\"async\" width=\"850\" height=\"566\" src=\"https:\/\/corrientesdetarde.com\/wp-content\/uploads\/2025\/01\/image-42.png\" alt=\"\" class=\"wp-image-182506\" srcset=\"https:\/\/corrientesdetarde.com\/wp-content\/uploads\/2025\/01\/image-42.png 850w, https:\/\/corrientesdetarde.com\/wp-content\/uploads\/2025\/01\/image-42-300x200.png 300w, https:\/\/corrientesdetarde.com\/wp-content\/uploads\/2025\/01\/image-42-768x511.png 768w\" sizes=\"auto, (max-width: 850px) 100vw, 850px\" \/><\/figure>\n","protected":false},"excerpt":{"rendered":"<p>Dos nuevas camadas de cachorros se sumaron a las familias que viven en grandes recintos en Iber\u00e1, prepar\u00e1ndose para vivir libres en las salvajes aguas del norte argentino. En este&hellip; <\/p>\n","protected":false},"author":1,"featured_media":182507,"comment_status":"closed","ping_status":"open","sticky":false,"template":"","format":"standard","meta":{"footnotes":""},"categories":[23,6],"tags":[],"class_list":["post-182495","post","type-post","status-publish","format-standard","has-post-thumbnail","hentry","category-actualidad","category-medio-ambiente"],"_links":{"self":[{"href":"https:\/\/corrientesdetarde.com\/index.php\/wp-json\/wp\/v2\/posts\/182495","targetHints":{"allow":["GET"]}}],"collection":[{"href":"https:\/\/corrientesdetarde.com\/index.php\/wp-json\/wp\/v2\/posts"}],"about":[{"href":"https:\/\/corrientesdetarde.com\/index.php\/wp-json\/wp\/v2\/types\/post"}],"author":[{"embeddable":true,"href":"https:\/\/corrientesdetarde.com\/index.php\/wp-json\/wp\/v2\/users\/1"}],"replies":[{"embeddable":true,"href":"https:\/\/corrientesdetarde.com\/index.php\/wp-json\/wp\/v2\/comments?post=182495"}],"version-history":[{"count":1,"href":"https:\/\/corrientesdetarde.com\/index.php\/wp-json\/wp\/v2\/posts\/182495\/revisions"}],"predecessor-version":[{"id":182508,"href":"https:\/\/corrientesdetarde.com\/index.php\/wp-json\/wp\/v2\/posts\/182495\/revisions\/182508"}],"wp:featuredmedia":[{"embeddable":true,"href":"https:\/\/corrientesdetarde.com\/index.php\/wp-json\/wp\/v2\/media\/182507"}],"wp:attachment":[{"href":"https:\/\/corrientesdetarde.com\/index.php\/wp-json\/wp\/v2\/media?parent=182495"}],"wp:term":[{"taxonomy":"category","embeddable":true,"href":"https:\/\/corrientesdetarde.com\/index.php\/wp-json\/wp\/v2\/categories?post=182495"},{"taxonomy":"post_tag","embeddable":true,"href":"https:\/\/corrientesdetarde.com\/index.php\/wp-json\/wp\/v2\/tags?post=182495"}],"curies":[{"name":"wp","href":"https:\/\/api.w.org\/{rel}","templated":true}]}}