{"id":182510,"date":"2025-01-02T10:07:59","date_gmt":"2025-01-02T13:07:59","guid":{"rendered":"https:\/\/corrientesdetarde.com\/?p=182510"},"modified":"2025-01-02T10:08:11","modified_gmt":"2025-01-02T13:08:11","slug":"la-dpec-realizara-trabajos-de-mejoras-hoy-y-manana-en-saladas","status":"publish","type":"post","link":"https:\/\/corrientesdetarde.com\/index.php\/informacion-general\/la-dpec-realizara-trabajos-de-mejoras-hoy-y-manana-en-saladas\/","title":{"rendered":"La DPEC realizar\u00e1 trabajos de mejoras hoy y ma\u00f1ana en Saladas"},"content":{"rendered":"\n<p>La Direcci\u00f3n Provincial de Energ\u00eda de Corrientes (DPEC) informa que con motivo de realizar mejoras en el servicio, se ejecutar\u00e1n tareas de mantenimiento y remodelaci\u00f3n de Subestaci\u00f3n Transformadora A\u00e9rea (SETA), por lo cual se interrumpir\u00e1 el suministro de energ\u00eda el\u00e9ctrica en la localidad de Saladas.Las mismas se realizar\u00e1n en la fecha y este viernes, de 14 a 17, en zona del&nbsp;Hospital, Barrio Luz y Fuerza, calle Vidal desde Lugones hasta San Mart\u00edn, calle Pellegrini desde Cabral hasta San Mart\u00edn, calle Alvear desde Vidal hasta 25 de Mayo y zonas de influencia.<\/p>\n","protected":false},"excerpt":{"rendered":"<p>La Direcci\u00f3n Provincial de Energ\u00eda de Corrientes (DPEC) informa que con motivo de realizar mejoras en el servicio, se ejecutar\u00e1n tareas de mantenimiento y remodelaci\u00f3n de Subestaci\u00f3n Transformadora A\u00e9rea (SETA),&hellip; <\/p>\n","protected":false},"author":1,"featured_media":129841,"comment_status":"closed","ping_status":"open","sticky":false,"template":"","format":"standard","meta":{"footnotes":""},"categories":[1],"tags":[],"class_list":["post-182510","post","type-post","status-publish","format-standard","has-post-thumbnail","hentry","category-informacion-general"],"_links":{"self":[{"href":"https:\/\/corrientesdetarde.com\/index.php\/wp-json\/wp\/v2\/posts\/182510","targetHints":{"allow":["GET"]}}],"collection":[{"href":"https:\/\/corrientesdetarde.com\/index.php\/wp-json\/wp\/v2\/posts"}],"about":[{"href":"https:\/\/corrientesdetarde.com\/index.php\/wp-json\/wp\/v2\/types\/post"}],"author":[{"embeddable":true,"href":"https:\/\/corrientesdetarde.com\/index.php\/wp-json\/wp\/v2\/users\/1"}],"replies":[{"embeddable":true,"href":"https:\/\/corrientesdetarde.com\/index.php\/wp-json\/wp\/v2\/comments?post=182510"}],"version-history":[{"count":1,"href":"https:\/\/corrientesdetarde.com\/index.php\/wp-json\/wp\/v2\/posts\/182510\/revisions"}],"predecessor-version":[{"id":182514,"href":"https:\/\/corrientesdetarde.com\/index.php\/wp-json\/wp\/v2\/posts\/182510\/revisions\/182514"}],"wp:featuredmedia":[{"embeddable":true,"href":"https:\/\/corrientesdetarde.com\/index.php\/wp-json\/wp\/v2\/media\/129841"}],"wp:attachment":[{"href":"https:\/\/corrientesdetarde.com\/index.php\/wp-json\/wp\/v2\/media?parent=182510"}],"wp:term":[{"taxonomy":"category","embeddable":true,"href":"https:\/\/corrientesdetarde.com\/index.php\/wp-json\/wp\/v2\/categories?post=182510"},{"taxonomy":"post_tag","embeddable":true,"href":"https:\/\/corrientesdetarde.com\/index.php\/wp-json\/wp\/v2\/tags?post=182510"}],"curies":[{"name":"wp","href":"https:\/\/api.w.org\/{rel}","templated":true}]}}