{"id":182511,"date":"2025-01-02T09:04:51","date_gmt":"2025-01-02T12:04:51","guid":{"rendered":"https:\/\/corrientesdetarde.com\/?p=182511"},"modified":"2025-01-02T09:04:55","modified_gmt":"2025-01-02T12:04:55","slug":"preocupacion-en-mar-del-plata-la-temperatura-del-agua-roza-el-nivel-mas-bajo-del-promedio-historico-en-el-1-de-enero","status":"publish","type":"post","link":"https:\/\/corrientesdetarde.com\/index.php\/medio-ambiente\/preocupacion-en-mar-del-plata-la-temperatura-del-agua-roza-el-nivel-mas-bajo-del-promedio-historico-en-el-1-de-enero\/","title":{"rendered":"Preocupaci\u00f3n en Mar del Plata:\u00a0la temperatura del agua roza el nivel m\u00e1s bajo del promedio hist\u00f3rico en el 1 de enero"},"content":{"rendered":"\n<p>El nuevo a\u00f1o arranc\u00f3 este mi\u00e9rcoles y la ciudad de\u00a0<strong>Mar del Plata\u00a0amaneci\u00f3 bajo un sol radiante<\/strong>, provocando que miles de turistas y habitantes locales comiencen a ir a\u00a0las playas\u00a0para\u00a0<strong>disfrutar de este inicio de 2025<\/strong>.<\/p>\n\n\n\n<p><\/p>\n\n\n\n<p>Con 20 grados al amanecer y un cielo despejado, se espera que la gente a partir del mediod\u00eda comience a\u00a0<strong>colmar la costa de &#8220;La Feliz&#8221;.<\/strong>\u00a0De todos modos, hay un dato que podr\u00eda ser\u00a0<strong>desalentador\u00a0para los turistas<\/strong>.<\/p>\n\n\n\n<p><img decoding=\"async\" src=\"https:\/\/www.canal26.com\/media\/image\/2024\/11\/25\/635380.jpg\" alt=\"Playas de Mar del Plata. Foto: Agencia NA\"><em>Playas de Mar del Plata. Foto: Agencia NA<\/em><\/p>\n\n\n\n<h2 class=\"wp-block-heading\">La temperatura del mar en Mar del Plata<\/h2>\n\n\n\n<p>La temperatura del\u00a0agua\u00a0en Mar del Plata hoy mi\u00e9rcoles primero de enero de 2025 es de\u00a0<strong>18 \u00b0C<\/strong>,\u00a0<strong>baja para la altura del a\u00f1o<\/strong>. De igual manera, se espera que en los pr\u00f3ximos d\u00edas comience a subir.<\/p>\n\n\n\n<p>En base a las observaciones de la temperatura del agua en los \u00faltimos diez a\u00f1os, el mar m\u00e1s c\u00e1lido en el Oc\u00e9ano Atl\u00e1ntico cerca de la ciudad en este d\u00eda&nbsp;<strong>se registr\u00f3 en 2011&nbsp;<\/strong>y fue de&nbsp;<strong>20.8 \u00b0C<\/strong>, mientras que el m\u00e1s fr\u00edo tuvo lugar en 2013, a&nbsp;<strong>18.7 \u00b0C<\/strong>.<\/p>\n\n\n\n<p>En esa l\u00ednea, se espera que la temperatura del agua de mar en Mar del Plata&nbsp;<strong>aumente a 20.1 \u00b0C en los pr\u00f3ximos 10 d\u00edas<\/strong>. El promedio en enero en es de 20.3 \u00b0C, siendo la m\u00ednima de 17.8 \u00b0C y la m\u00e1xima de 22.9 \u00b0C.<\/p>\n\n\n\n<p><img decoding=\"async\" src=\"https:\/\/www.canal26.com\/media\/image\/2023\/11\/19\/573287.jpg\" alt=\"Playas de Mar del Plata. Foto: NA.\"><em>Playas de Mar del Plata. Foto: NA.<\/em><\/p>\n\n\n\n<h2 class=\"wp-block-heading\">Cambio clim\u00e1tico: en octubre, la temperatura del agua super\u00f3 el promedio mensual&nbsp;<\/h2>\n\n\n\n<p>Semanas atr\u00e1s, el Gabinete de Oceanograf\u00eda F\u00edsica del Instituto Nacional de Investigaci\u00f3n y Desarrollo Pesquero (INIDEP) inform\u00f3 la temperatura del agua en la superficie del mar en Mar del Plata durante octubre de 2024 y&nbsp;<strong>la cifra bati\u00f3 un nuevo r\u00e9cord que encendi\u00f3 las alarmas.<\/strong><\/p>\n\n\n\n<p>Los datos fueron obtenidos a intervalos de 5 minutos con un term\u00f3metro SBE38 instalado en la Estaci\u00f3n de Observaciones Costeras (EOC) del Servicio de Hidrograf\u00eda Naval ubicada en el Muelle del Club de Pescadores.<\/p>\n\n\n\n<p>La temperatura del agua en la superficie durante el mes de octubre de 2024 promedi\u00f3 los&nbsp;<strong>15,3\u202f\u00b0C,<\/strong>&nbsp;aumentando a lo largo del mes desde el m\u00ednimo de&nbsp;<strong>12,2\u202f\u00b0C<\/strong>&nbsp;registrado el d\u00eda 3 hasta el m\u00e1ximo de&nbsp;<strong>18,3\u202f\u00b0C<\/strong>&nbsp;del d\u00eda 22, en correspondencia con el aumento de la temperatura del aire en la superficie.<\/p>\n\n\n\n<p>Las temperaturas fueron&nbsp;<strong>superiores al valor promedio climatol\u00f3gico (14,0\u202f\u00b0C)&nbsp;<\/strong>durante casi todo el mes, superando desde el d\u00eda 13 al 25% de los valores m\u00e1s altos de la serie (Q3=14,9\u00b0C).<\/p>\n","protected":false},"excerpt":{"rendered":"<p>El nuevo a\u00f1o arranc\u00f3 este mi\u00e9rcoles y la ciudad de\u00a0Mar del Plata\u00a0amaneci\u00f3 bajo un sol radiante, provocando que miles de turistas y habitantes locales comiencen a ir a\u00a0las playas\u00a0para\u00a0disfrutar de&hellip; <\/p>\n","protected":false},"author":1,"featured_media":182512,"comment_status":"closed","ping_status":"open","sticky":false,"template":"","format":"standard","meta":{"footnotes":""},"categories":[6,31],"tags":[],"class_list":["post-182511","post","type-post","status-publish","format-standard","has-post-thumbnail","hentry","category-medio-ambiente","category-turismo"],"_links":{"self":[{"href":"https:\/\/corrientesdetarde.com\/index.php\/wp-json\/wp\/v2\/posts\/182511","targetHints":{"allow":["GET"]}}],"collection":[{"href":"https:\/\/corrientesdetarde.com\/index.php\/wp-json\/wp\/v2\/posts"}],"about":[{"href":"https:\/\/corrientesdetarde.com\/index.php\/wp-json\/wp\/v2\/types\/post"}],"author":[{"embeddable":true,"href":"https:\/\/corrientesdetarde.com\/index.php\/wp-json\/wp\/v2\/users\/1"}],"replies":[{"embeddable":true,"href":"https:\/\/corrientesdetarde.com\/index.php\/wp-json\/wp\/v2\/comments?post=182511"}],"version-history":[{"count":1,"href":"https:\/\/corrientesdetarde.com\/index.php\/wp-json\/wp\/v2\/posts\/182511\/revisions"}],"predecessor-version":[{"id":182513,"href":"https:\/\/corrientesdetarde.com\/index.php\/wp-json\/wp\/v2\/posts\/182511\/revisions\/182513"}],"wp:featuredmedia":[{"embeddable":true,"href":"https:\/\/corrientesdetarde.com\/index.php\/wp-json\/wp\/v2\/media\/182512"}],"wp:attachment":[{"href":"https:\/\/corrientesdetarde.com\/index.php\/wp-json\/wp\/v2\/media?parent=182511"}],"wp:term":[{"taxonomy":"category","embeddable":true,"href":"https:\/\/corrientesdetarde.com\/index.php\/wp-json\/wp\/v2\/categories?post=182511"},{"taxonomy":"post_tag","embeddable":true,"href":"https:\/\/corrientesdetarde.com\/index.php\/wp-json\/wp\/v2\/tags?post=182511"}],"curies":[{"name":"wp","href":"https:\/\/api.w.org\/{rel}","templated":true}]}}