{"id":182524,"date":"2025-01-02T12:19:21","date_gmt":"2025-01-02T15:19:21","guid":{"rendered":"https:\/\/corrientesdetarde.com\/?p=182524"},"modified":"2025-01-02T12:19:28","modified_gmt":"2025-01-02T15:19:28","slug":"que-aumento-mas-en-2024-luz-gas-o-combustibles","status":"publish","type":"post","link":"https:\/\/corrientesdetarde.com\/index.php\/informacion-general\/que-aumento-mas-en-2024-luz-gas-o-combustibles\/","title":{"rendered":"\u00bfQU\u00c9 AUMENT\u00d3 M\u00c1S EN 2024: LUZ, GAS O COMBUSTIBLES?"},"content":{"rendered":"\n<p>(Fuente: Diario La Ma\u00f1ana de Neuqu\u00e9n) &#8211; El balance de 2024 deja un panorama claro: los precios de los productos energ\u00e9ticos lideraron el ranking de incrementos entre las categor\u00edas medidas por el Indec. El rubro \u201cvivienda, agua, electricidad, gas y combustibles\u201d registr\u00f3 un aumento interanual del 276% seg\u00fan el reporte de noviembre, pero dentro de la subcategor\u00eda \u201celectricidad, gas y combustibles\u201d, los n\u00fameros son a\u00fan m\u00e1s impactantes, alcanzando un 416% en GBA y 447% en la Patagonia.<br>El gas natural se posicion\u00f3 como el servicio con mayor suba, registrando un alza del 531% en el AMBA seg\u00fan datos del IIEP, y un aumento del 51% en t\u00e9rminos reales (ajustado por inflaci\u00f3n), de acuerdo con la consultora Econom\u00eda &amp; Energ\u00eda. Este ajuste fue impulsado por una pol\u00edtica de recomposici\u00f3n en abril, con ajustes mensuales vinculados al tipo de cambio, al estar dolarizado.<br>La electricidad ocup\u00f3 el segundo lugar con un aumento nominal del 268% y un incremento del 34% en t\u00e9rminos reales, seg\u00fan los mismos estudios. A diferencia del gas, su evoluci\u00f3n fue m\u00e1s vol\u00e1til: comenz\u00f3 con un fuerte ajuste del 150% en febrero, pero los efectos de la inflaci\u00f3n en pesos diluyeron parte de esa suba. Desde junio, los ajustes mensuales se estabilizaron, acompa\u00f1ados por una inflaci\u00f3n m\u00e1s contenida.<\/p>\n\n\n\n<p>Los mayores incrementos en luz y gas impactaron a los sectores m\u00e1s vulnerables, como los niveles tarifarios N2 y N3, que registraban los precios m\u00e1s retrasados en comparaci\u00f3n con los usuarios del segmento N1.<\/p>\n\n\n\n<p>En el caso de los combustibles, el panorama fue diferente. Los aumentos comenzaron en diciembre de 2023, acumulando un 125% en los primeros dos meses de 2024. Sin embargo, el resto del a\u00f1o los ajustes estuvieron por debajo de la inflaci\u00f3n, resultando en una ca\u00edda del 20% en t\u00e9rminos reales.<\/p>\n\n\n\n<p>En total, los combustibles duplicaron su precio nominal en 2024, alcanzando un 100% de aumento. Sin embargo, al incluir el \u00faltimo mes de 2023, el ajuste acumulado ascendi\u00f3 al 256%, superando los \u00edndices de inflaci\u00f3n anual informados por el Indec.<br>El gas natural lider\u00f3 los aumentos energ\u00e9ticos del 2024, seguido por la electricidad y, en \u00faltimo lugar, los combustibles. Mientras que los primeros dos servicios impactaron directamente en los hogares, los combustibles vieron un comportamiento m\u00e1s moderado en t\u00e9rminos reales. La evoluci\u00f3n de estos precios evidencia las diferencias en las pol\u00edticas tarifarias aplicadas a cada sector.<\/p>\n","protected":false},"excerpt":{"rendered":"<p>(Fuente: Diario La Ma\u00f1ana de Neuqu\u00e9n) &#8211; El balance de 2024 deja un panorama claro: los precios de los productos energ\u00e9ticos lideraron el ranking de incrementos entre las categor\u00edas medidas&hellip; <\/p>\n","protected":false},"author":11,"featured_media":182526,"comment_status":"closed","ping_status":"open","sticky":false,"template":"","format":"standard","meta":{"footnotes":""},"categories":[1],"tags":[],"class_list":["post-182524","post","type-post","status-publish","format-standard","has-post-thumbnail","hentry","category-informacion-general"],"_links":{"self":[{"href":"https:\/\/corrientesdetarde.com\/index.php\/wp-json\/wp\/v2\/posts\/182524","targetHints":{"allow":["GET"]}}],"collection":[{"href":"https:\/\/corrientesdetarde.com\/index.php\/wp-json\/wp\/v2\/posts"}],"about":[{"href":"https:\/\/corrientesdetarde.com\/index.php\/wp-json\/wp\/v2\/types\/post"}],"author":[{"embeddable":true,"href":"https:\/\/corrientesdetarde.com\/index.php\/wp-json\/wp\/v2\/users\/11"}],"replies":[{"embeddable":true,"href":"https:\/\/corrientesdetarde.com\/index.php\/wp-json\/wp\/v2\/comments?post=182524"}],"version-history":[{"count":1,"href":"https:\/\/corrientesdetarde.com\/index.php\/wp-json\/wp\/v2\/posts\/182524\/revisions"}],"predecessor-version":[{"id":182527,"href":"https:\/\/corrientesdetarde.com\/index.php\/wp-json\/wp\/v2\/posts\/182524\/revisions\/182527"}],"wp:featuredmedia":[{"embeddable":true,"href":"https:\/\/corrientesdetarde.com\/index.php\/wp-json\/wp\/v2\/media\/182526"}],"wp:attachment":[{"href":"https:\/\/corrientesdetarde.com\/index.php\/wp-json\/wp\/v2\/media?parent=182524"}],"wp:term":[{"taxonomy":"category","embeddable":true,"href":"https:\/\/corrientesdetarde.com\/index.php\/wp-json\/wp\/v2\/categories?post=182524"},{"taxonomy":"post_tag","embeddable":true,"href":"https:\/\/corrientesdetarde.com\/index.php\/wp-json\/wp\/v2\/tags?post=182524"}],"curies":[{"name":"wp","href":"https:\/\/api.w.org\/{rel}","templated":true}]}}