{"id":182525,"date":"2025-01-02T12:24:57","date_gmt":"2025-01-02T15:24:57","guid":{"rendered":"https:\/\/corrientesdetarde.com\/?p=182525"},"modified":"2025-01-02T12:25:08","modified_gmt":"2025-01-02T15:25:08","slug":"el-lunes-iniciaran-las-inscripciones-para-la-colonia-de-vacaciones-para-adultos-mayores","status":"publish","type":"post","link":"https:\/\/corrientesdetarde.com\/index.php\/sociales\/el-lunes-iniciaran-las-inscripciones-para-la-colonia-de-vacaciones-para-adultos-mayores\/","title":{"rendered":"El lunes iniciar\u00e1n las inscripciones para la Colonia de Vacaciones para Adultos Mayores"},"content":{"rendered":"\n<p><em>Los interesados deber\u00e1n pasar entre el 6 y el 27 de enero por la oficina de calle Catamarca 771, en horario de 8 a 12, para retirar la ficha que deber\u00e1 ser completada por un m\u00e9dico. Organizadas por la Municipalidad, las actividades comenzar\u00e1n el pr\u00f3ximo martes 28 de enero en el Club Tel\u00e9fonos.<\/em><\/p>\n\n\n\n<p>La Municipalidad de Corrientes informa que desde el 6 y hasta el 27 de enero se inscribir\u00e1 a todas aquellas personas interesadas en participar de la edici\u00f3n 2025 de la Colonia de Vacaciones para Adultos Mayores.<br>&nbsp;<br>Los cupos son limitados y los \u00fanicos requisitos son: tener m\u00e1s de 60 a\u00f1os de edad y completar con un m\u00e9dico la ficha que podr\u00e1 ser retirada de la Direcci\u00f3n General de Adultos Mayores, ubicada por calle Catamarca 771, de lunes a viernes en horario de 8 a 12.<br>&nbsp;<br>Las actividades se llevar\u00e1n adelante en las instalaciones del Club Tel\u00e9fonos Corrientes, desde el 28 de enero y hasta el 28 de febrero pr\u00f3ximos, donde las personas mayores desarrollar\u00e1n diversas actividades de esparcimiento, deportivas y l\u00fadicas, que ser\u00e1n coordinadas por un grupo de profesores especializados.<br>&nbsp;<br>La directora general de Adultos Mayores, Celina Thones, se\u00f1al\u00f3 que \u201cla colonia de vacaciones tendr\u00e1 lugar en dos grupos: uno concurrir\u00e1 los d\u00edas martes y jueves, y el otro los mi\u00e9rcoles y viernes, ambos en horario de 8 a 12\u201d.<br>&nbsp;<br>En ese sentido, la funcionaria indic\u00f3 que los participantes desarrollar\u00e1n \u201cactividades f\u00edsicas, una hora de pileta, compartir\u00e1n coreograf\u00edas, manualidades y tambi\u00e9n diferentes juegos de mesa\u201d.<br>&nbsp;<br>\u201cEn el caso de que la persona tenga contraindicado o no quiera realizar las actividades de pileta, tendr\u00e1 la posibilidad de desarrollar en ese horario gimnasia terap\u00e9utica y cognitiva con un profesional especializado\u201d, agreg\u00f3 la funcionaria.<br>&nbsp;<br>Explic\u00f3 que \u201ces muy importante que los adultos mayores realicen este tipo de actividades porque les da otra calidad de vida y ayuda a mejorar su salud\u201d, por lo que invit\u00f3 a este sector de la comunidad \u201ca sumarse a la propuesta municipal\u201d.<\/p>\n\n\n\n<figure class=\"wp-block-image size-full\"><img loading=\"lazy\" decoding=\"async\" width=\"848\" height=\"566\" src=\"https:\/\/corrientesdetarde.com\/wp-content\/uploads\/2025\/01\/image-47.png\" alt=\"\" class=\"wp-image-182529\" srcset=\"https:\/\/corrientesdetarde.com\/wp-content\/uploads\/2025\/01\/image-47.png 848w, https:\/\/corrientesdetarde.com\/wp-content\/uploads\/2025\/01\/image-47-300x200.png 300w, https:\/\/corrientesdetarde.com\/wp-content\/uploads\/2025\/01\/image-47-768x513.png 768w\" sizes=\"auto, (max-width: 848px) 100vw, 848px\" \/><\/figure>\n\n\n\n<figure class=\"wp-block-image size-full\"><img loading=\"lazy\" decoding=\"async\" width=\"848\" height=\"565\" src=\"https:\/\/corrientesdetarde.com\/wp-content\/uploads\/2025\/01\/image-48.png\" alt=\"\" class=\"wp-image-182530\" srcset=\"https:\/\/corrientesdetarde.com\/wp-content\/uploads\/2025\/01\/image-48.png 848w, https:\/\/corrientesdetarde.com\/wp-content\/uploads\/2025\/01\/image-48-300x200.png 300w, https:\/\/corrientesdetarde.com\/wp-content\/uploads\/2025\/01\/image-48-768x512.png 768w\" sizes=\"auto, (max-width: 848px) 100vw, 848px\" \/><\/figure>\n\n\n\n<figure class=\"wp-block-image size-full\"><img loading=\"lazy\" decoding=\"async\" width=\"848\" height=\"566\" src=\"https:\/\/corrientesdetarde.com\/wp-content\/uploads\/2025\/01\/image-49.png\" alt=\"\" class=\"wp-image-182531\" srcset=\"https:\/\/corrientesdetarde.com\/wp-content\/uploads\/2025\/01\/image-49.png 848w, https:\/\/corrientesdetarde.com\/wp-content\/uploads\/2025\/01\/image-49-300x200.png 300w, https:\/\/corrientesdetarde.com\/wp-content\/uploads\/2025\/01\/image-49-768x513.png 768w\" sizes=\"auto, (max-width: 848px) 100vw, 848px\" \/><\/figure>\n","protected":false},"excerpt":{"rendered":"<p>Los interesados deber\u00e1n pasar entre el 6 y el 27 de enero por la oficina de calle Catamarca 771, en horario de 8 a 12, para retirar la ficha que&hellip; <\/p>\n","protected":false},"author":8,"featured_media":182528,"comment_status":"closed","ping_status":"open","sticky":false,"template":"","format":"standard","meta":{"footnotes":""},"categories":[17],"tags":[],"class_list":["post-182525","post","type-post","status-publish","format-standard","has-post-thumbnail","hentry","category-sociales"],"_links":{"self":[{"href":"https:\/\/corrientesdetarde.com\/index.php\/wp-json\/wp\/v2\/posts\/182525","targetHints":{"allow":["GET"]}}],"collection":[{"href":"https:\/\/corrientesdetarde.com\/index.php\/wp-json\/wp\/v2\/posts"}],"about":[{"href":"https:\/\/corrientesdetarde.com\/index.php\/wp-json\/wp\/v2\/types\/post"}],"author":[{"embeddable":true,"href":"https:\/\/corrientesdetarde.com\/index.php\/wp-json\/wp\/v2\/users\/8"}],"replies":[{"embeddable":true,"href":"https:\/\/corrientesdetarde.com\/index.php\/wp-json\/wp\/v2\/comments?post=182525"}],"version-history":[{"count":1,"href":"https:\/\/corrientesdetarde.com\/index.php\/wp-json\/wp\/v2\/posts\/182525\/revisions"}],"predecessor-version":[{"id":182532,"href":"https:\/\/corrientesdetarde.com\/index.php\/wp-json\/wp\/v2\/posts\/182525\/revisions\/182532"}],"wp:featuredmedia":[{"embeddable":true,"href":"https:\/\/corrientesdetarde.com\/index.php\/wp-json\/wp\/v2\/media\/182528"}],"wp:attachment":[{"href":"https:\/\/corrientesdetarde.com\/index.php\/wp-json\/wp\/v2\/media?parent=182525"}],"wp:term":[{"taxonomy":"category","embeddable":true,"href":"https:\/\/corrientesdetarde.com\/index.php\/wp-json\/wp\/v2\/categories?post=182525"},{"taxonomy":"post_tag","embeddable":true,"href":"https:\/\/corrientesdetarde.com\/index.php\/wp-json\/wp\/v2\/tags?post=182525"}],"curies":[{"name":"wp","href":"https:\/\/api.w.org\/{rel}","templated":true}]}}