{"id":182533,"date":"2025-01-02T12:28:25","date_gmt":"2025-01-02T15:28:25","guid":{"rendered":"https:\/\/corrientesdetarde.com\/?p=182533"},"modified":"2025-01-02T12:28:31","modified_gmt":"2025-01-02T15:28:31","slug":"iphone-16e-la-sorpresa-de-apple-para-2025-es-un-telefono-mas-amigable-para-el-bolsillo","status":"publish","type":"post","link":"https:\/\/corrientesdetarde.com\/index.php\/tecnologia\/iphone-16e-la-sorpresa-de-apple-para-2025-es-un-telefono-mas-amigable-para-el-bolsillo\/","title":{"rendered":"iPhone 16E, la sorpresa de Apple para 2025 es un tel\u00e9fono m\u00e1s amigable para el bolsillo"},"content":{"rendered":"\n<p>El fabricante de Cupertino abandonar\u00eda la denominaci\u00f3n \u201cSE\u201d para sus smartphones low cost. \u00bfCu\u00e1les ser\u00edan las caracter\u00edsticas de este modelo?<\/p>\n\n\n\n<p>En la familia de\u00a0<strong>tel\u00e9fonos Apple<\/strong>\u00a0hay espacio para los ejemplares\u00a0<em>low cost<\/em>, que hasta ahora se conocieron con el \u201capellido\u201d SE. La versi\u00f3n m\u00e1s reciente es un modelo que se lanz\u00f3 en marzo de 2022: el\u00a0<strong>iPhone SE<\/strong>de tercera generaci\u00f3n. Adem\u00e1s de ofrecerse con un precio m\u00e1s accesible en comparaci\u00f3n con sus compa\u00f1eros de serie, esos celulares llegaron con pantallas m\u00e1s peque\u00f1as. En el caso mencionado, es de 4,7 pulgadas.<\/p>\n\n\n\n<p>As\u00ed, no solo es ideal para tener un iPhone sin pagar lo que requiere un modelo regular, Plus o Pro. Tambi\u00e9n son perfectos para aquellos que prefieren los smartphones m\u00e1s compactos.<\/p>\n\n\n\n<p>Estos planes de Apple cambiar\u00edan en 2025. En la danza de rumores circulan informes que anticipan una\u00a0<strong>nueva denominaci\u00f3n para los iPhone SE<\/strong>, adem\u00e1s de primicias en la propuesta. En esta nota de\u00a0<strong>Tecno\u00a0<\/strong>te contamos todo lo que ten\u00e9s que saber en la previa.<\/p>\n\n\n\n<h2 class=\"wp-block-heading\">IPhone 16E: \u00bfel nuevo smartphone&nbsp;<em>low cost&nbsp;<\/em>de Apple?<\/h2>\n\n\n\n<p>De acuerdo a un reporte de&nbsp;<em>MacRumors<\/em>, el pr\u00f3ximo tel\u00e9fono accesible de Apple llegar\u00eda con varios cambios en relaci\u00f3n con el iPhone SE de 2022.<\/p>\n\n\n\n<ul class=\"wp-block-list\">\n<li>Ya no llevar\u00eda el mote SE: el celular se llamar\u00eda\u00a0<strong>iPhone 16E<\/strong>.<\/li>\n\n\n\n<li>No ser\u00eda precisamente compacto: la pantalla tendr\u00eda\u00a0<strong>6.1 pulgadas<\/strong>.<\/li>\n\n\n\n<li>Entre las especificaciones rumoreadas de ese ejemplar tambi\u00e9n se menciona la presencia de reconocimiento facial (Face ID), una c\u00e1mara principal de 48 megap\u00edxeles y 8GB de RAM. Adem\u00e1s, se menciona que\u00a0<strong>el dise\u00f1o ser\u00eda similar al del iPhone 14<\/strong>\u00a0que se lanz\u00f3 en el 2022.<\/li>\n<\/ul>\n\n\n\n<figure class=\"wp-block-image\"><img decoding=\"async\" src=\"https:\/\/tn.com.ar\/resizer\/v2\/el-iphone-se-de-2022-en-esta-imagen-llego-con-diseno-compacto-esto-no-se-repetiria-en-el-iphone-16e-foto-apple-Z4SQTMBHGNAP3HBQ3ERB4CO52E.jpg?auth=30fbba865d20554f40c0c66657ff75bfbf45a71b95b088eb8eae8eb677b22bfd&amp;width=767\" alt=\"El iPhone SE de 2022, en esta imagen, lleg\u00f3 con dise\u00f1o compacto: esto no se repetir\u00eda en el iPhone 16E. (Foto: Apple)\"\/><\/figure>\n\n\n\n<p><strong>Otro aspecto clave del supuesto iPhone 16E es la inclusi\u00f3n de un puerto USB-C<\/strong>. En este punto, cabe recordar que recientemente\u00a0Apple tuvo que retirar del mercado europeo al iPhone SE de tercera generaci\u00f3n, ya que ese tel\u00e9fono tiene un puerto Lightning, que ya no es permitido en el viejo continente. As\u00ed, con el nuevo\u00a0<em>low cost\u00a0<\/em>el fabricante estadounidense podr\u00eda volver a comercializar esta serie (aunque con nuevo nombre) en los pa\u00edses de la Uni\u00f3n Europea.<\/p>\n\n\n\n<h2 class=\"wp-block-heading\">Posible precio y fecha de lanzamiento del iPhone 16E<\/h2>\n\n\n\n<p>Los informes se\u00f1alan que el tel\u00e9fono se ofrecer\u00eda por unos&nbsp;<strong>500 d\u00f3lares<\/strong>. Huelga se\u00f1alar aqu\u00ed que el iPhone 16 m\u00e1s barato (el modelo regular, con pantalla de 6.1 pulgadas) parte de los 799 d\u00f3lares.<\/p>\n\n\n\n<p><strong>El lanzamiento se realizar\u00eda en marzo<\/strong>, el mes en el que tambi\u00e9n aparecieron los iPhone SE de 2016 y 2022. M\u00e1s adelante, con anuncio presuntamente en septiembre, llegar\u00edan los iPhone 17. Esa serie incluir\u00eda un modelo ultradelgado, adem\u00e1s de las variantes habituales.<\/p>\n\n\n\n<p>Si se confirma el\u00a0<strong>despliegue del iPhone 16E<\/strong>, competir\u00e1 en buena medida con el tambi\u00e9n rumoreado\u00a0Galaxy Z Flip FE de Samsung. Seg\u00fan contamos, aquel ser\u00eda el primer plegable\u00a0<em>low cost\u00a0<\/em>del fabricante surcoreano.<\/p>\n","protected":false},"excerpt":{"rendered":"<p>El fabricante de Cupertino abandonar\u00eda la denominaci\u00f3n \u201cSE\u201d para sus smartphones low cost. \u00bfCu\u00e1les ser\u00edan las caracter\u00edsticas de este modelo? En la familia de\u00a0tel\u00e9fonos Apple\u00a0hay espacio para los ejemplares\u00a0low cost,&hellip; <\/p>\n","protected":false},"author":8,"featured_media":182534,"comment_status":"closed","ping_status":"open","sticky":false,"template":"","format":"standard","meta":{"footnotes":""},"categories":[24],"tags":[],"class_list":["post-182533","post","type-post","status-publish","format-standard","has-post-thumbnail","hentry","category-tecnologia"],"_links":{"self":[{"href":"https:\/\/corrientesdetarde.com\/index.php\/wp-json\/wp\/v2\/posts\/182533","targetHints":{"allow":["GET"]}}],"collection":[{"href":"https:\/\/corrientesdetarde.com\/index.php\/wp-json\/wp\/v2\/posts"}],"about":[{"href":"https:\/\/corrientesdetarde.com\/index.php\/wp-json\/wp\/v2\/types\/post"}],"author":[{"embeddable":true,"href":"https:\/\/corrientesdetarde.com\/index.php\/wp-json\/wp\/v2\/users\/8"}],"replies":[{"embeddable":true,"href":"https:\/\/corrientesdetarde.com\/index.php\/wp-json\/wp\/v2\/comments?post=182533"}],"version-history":[{"count":1,"href":"https:\/\/corrientesdetarde.com\/index.php\/wp-json\/wp\/v2\/posts\/182533\/revisions"}],"predecessor-version":[{"id":182535,"href":"https:\/\/corrientesdetarde.com\/index.php\/wp-json\/wp\/v2\/posts\/182533\/revisions\/182535"}],"wp:featuredmedia":[{"embeddable":true,"href":"https:\/\/corrientesdetarde.com\/index.php\/wp-json\/wp\/v2\/media\/182534"}],"wp:attachment":[{"href":"https:\/\/corrientesdetarde.com\/index.php\/wp-json\/wp\/v2\/media?parent=182533"}],"wp:term":[{"taxonomy":"category","embeddable":true,"href":"https:\/\/corrientesdetarde.com\/index.php\/wp-json\/wp\/v2\/categories?post=182533"},{"taxonomy":"post_tag","embeddable":true,"href":"https:\/\/corrientesdetarde.com\/index.php\/wp-json\/wp\/v2\/tags?post=182533"}],"curies":[{"name":"wp","href":"https:\/\/api.w.org\/{rel}","templated":true}]}}