{"id":182536,"date":"2025-01-02T12:36:27","date_gmt":"2025-01-02T15:36:27","guid":{"rendered":"https:\/\/corrientesdetarde.com\/?p=182536"},"modified":"2025-01-02T12:36:39","modified_gmt":"2025-01-02T15:36:39","slug":"arranca-el-dakar-2025-quienes-son-los-pilotos-argentinos-que-suenan-con-dar-pelea-en-la-carrera-mas-dura","status":"publish","type":"post","link":"https:\/\/corrientesdetarde.com\/index.php\/deportes\/arranca-el-dakar-2025-quienes-son-los-pilotos-argentinos-que-suenan-con-dar-pelea-en-la-carrera-mas-dura\/","title":{"rendered":"Arranca el Dakar 2025: qui\u00e9nes son los pilotos argentinos que sue\u00f1an con dar pelea en la carrera m\u00e1s dura"},"content":{"rendered":"\n<p>La carrera durar\u00e1 dos semanas y los pilotos tendr\u00e1n que recorrer m\u00e1s de 8 mil kil\u00f3metros en 12 etapas.<\/p>\n\n\n\n<p>La edici\u00f3n del\u00a0<strong>Rally Dakar 2025<\/strong>\u00a0se pondr\u00e1 en marcha este viernes, con seis categor\u00edas y\u00a0<strong>varios argentinos que intentar\u00e1n dar pelea.\u00a0<\/strong>La competencia se llevar\u00e1 a cabo en Arabia Saudita y fue calificada como la m\u00e1s extrema de Medio Oriente.<\/p>\n\n\n\n<p>La delegaci\u00f3n nacional, que&nbsp;<strong>incluye figuras de renombre como Kevin y Luciano Benavides<\/strong>, Nicol\u00e1s Cavigliasso y Manuel And\u00fajar, buscar\u00e1 dejar su huella en una competencia que promete ser m\u00e1s desafiante que nunca.<\/p>\n\n\n\n<figure class=\"wp-block-image\"><img decoding=\"async\" src=\"https:\/\/tn.com.ar\/resizer\/v2\/kevin-benavides-se-consagro-en-2021-y-2023-y-buscara-repetir-en-este-2025-reutershamad-i-mohammed-2OZC2NK3V3IQENONZL7HVHAWBQ.jpg?auth=73b4e99dd15a85e381ca90768e2c79e7e74f62f660c521710bd8e63ba1eaac7f&amp;width=767\" alt=\"Kevin Benavides se consagr\u00f3 en 2021 y 2023 y buscar\u00e1 repetir en este 2025. (REUTERS\/Hamad I Mohammed)\"\/><\/figure>\n\n\n\n<p>El recorrido de esta edici\u00f3n constar\u00e1 de 12 etapas que se disputar\u00e1n hasta el 17 de enero, con un recorrido total de 7.700 kil\u00f3metros, aunque se cronometrar\u00e1n 5.100 de ellos.<\/p>\n\n\n\n<p>En el primer d\u00eda de actividad se realizar\u00e1 la etapa llamada \u201cPr\u00f3logo\u201d, en la que los participantes deber\u00e1n recorrer un total de 79 kil\u00f3metros, aunque solo 29 de ellos ser\u00e1n cronometrados.&nbsp;<strong>La acci\u00f3n fuerte comenzar\u00e1 el s\u00e1bado, cuando se lleve a cabo la etapa 1, que consta de 499 kil\u00f3metros.<\/strong><\/p>\n\n\n\n<figure class=\"wp-block-image\"><img decoding=\"async\" src=\"https:\/\/tn.com.ar\/resizer\/v2\/el-recorrido-de-esta-edicion-constara-de-12-etapas-que-se-disputaran-hasta-el-17-de-enero-con-un-recorrido-total-de-7700-kilometros-aunque-se-cronometraran-5100-de-ellos-reutersmaxim-shemetov-UI5AX2HP5UVGOGB3FP4CG2HF5E.jpg?auth=cb920ebcb34d052f11ee7e4b35356a068d8105e6ca822eddc543aff117c164a7&amp;width=767\" alt=\"El recorrido de esta edici\u00f3n constar\u00e1 de 12 etapas que se disputar\u00e1n hasta el 17 de enero, con un recorrido total de 7.700 kil\u00f3metros, aunque se cronometrar\u00e1n 5.100 de ellos. (REUTERS\/Maxim Shemetov)\"\/><\/figure>\n\n\n\n<p>Entre pilotos y navegantes habr\u00e1 807 competidores repartidos en 439 veh\u00edculos para las seis categor\u00edas: motos, autos, camiones, challenger, SSV y stock.<\/p>\n\n\n\n<h2 class=\"wp-block-heading\">Los argentinos que sue\u00f1an con dar pelea<\/h2>\n\n\n\n<p>La mayor ilusi\u00f3n para los representantes argentinos est\u00e1 en la categor\u00eda de motos, donde los m\u00e1ximos exponentes son los hermanos&nbsp;<strong>Kevin y Luciano Benavides<\/strong>, ambos de KTM, que buscar\u00e1n destronar a estadounidense Ricky Brabec.<\/p>\n\n\n\n<p>El primero de ellos incluso ya sabe lo que es liderar la clasificaci\u00f3n general, ya que&nbsp;<strong>se qued\u00f3 con la primera edici\u00f3n en 2021 y 2023.<\/strong><\/p>\n\n\n\n<figure class=\"wp-block-image\"><img decoding=\"async\" src=\"https:\/\/tn.com.ar\/resizer\/v2\/en-lo-que-respecta-a-autos-el-unico-argentino-sera-juan-cruz-yacopini-que-correra-con-una-toyota-hilux-reutershamad-i-mohammed-55XFAILJY4SK4X7IDGDBJVICYA.jpg?auth=813f8cd5705c5f9995ff1b45ce5297352b771c3c89c056a12fd50327ddaa245d&amp;width=767\" alt=\"En lo que respecta a autos, el \u00fanico argentino ser\u00e1 Juan Cruz Yacopini, que correr\u00e1 con una Toyota Hilux. (REUTERS\/Hamad I Mohammed)\"\/><\/figure>\n\n\n\n<p>En lo que respecta a autos, el \u00fanico argentino ser\u00e1&nbsp;<strong>Juan Cruz Yacopini<\/strong>, que correr\u00e1 con una Toyota Hilux. Esta categor\u00eda tiene como principales candidatos al pr\u00edncipe qatar\u00ed Nasser Al-Attiyah (Dacia), al franc\u00e9s y nueve veces campe\u00f3n de World Rally Championship S\u00e9bastien Loeb (tambi\u00e9n con Dacia) y al espa\u00f1ol Carlos Sainz (Ford).<\/p>\n\n\n\n<p>Por \u00faltimo, en la categor\u00eda Challenger, en la que compiten los prototipos de UTV o veh\u00edculos areneros, estar\u00e1 el matrimonio cordob\u00e9s de&nbsp;<strong>Nicol\u00e1s Cavigliasso y Valentina Pertegarini.<\/strong><\/p>\n\n\n\n<h2 class=\"wp-block-heading\">Qui\u00e9nes son los argentinos que ya ganaron el Rally Dakar<\/h2>\n\n\n\n<p>Los primeros argentinos que ganaron el Dakar fueron los hermanos Marcos y Alejandro Patronelli, quienes tuvieron un gran dominio en la categor\u00eda de cuatriciclos (quads) en las primeras ediciones que se llevaron a cabo en la Argentina. Los otros argentinos que se impusieron en esta categor\u00eda fueron Nicol\u00e1s Cavigliasso y Manuel And\u00fajar.<\/p>\n\n\n\n<ul class=\"wp-block-list\">\n<li>2010: Marcos Patronelli.<\/li>\n\n\n\n<li>2011: Alejandro Patronelli (quads).<\/li>\n\n\n\n<li>2012: Alejandro Patronelli (quads).<\/li>\n\n\n\n<li>2013: Marcos Patronelli (quads).<\/li>\n\n\n\n<li>2016: Marcos Patronelli (quads).<\/li>\n\n\n\n<li>2019: Nicol\u00e1s Cavigliasso (quads).<\/li>\n\n\n\n<li>2021: Manuel And\u00fajar (quads).<\/li>\n\n\n\n<li>2021: Kevin Benavides (moto).<\/li>\n\n\n\n<li>2023: Kevin Benavides (moto).<\/li>\n\n\n\n<li>2024: Manuel And\u00fajar (quads)<\/li>\n<\/ul>\n","protected":false},"excerpt":{"rendered":"<p>La carrera durar\u00e1 dos semanas y los pilotos tendr\u00e1n que recorrer m\u00e1s de 8 mil kil\u00f3metros en 12 etapas. La edici\u00f3n del\u00a0Rally Dakar 2025\u00a0se pondr\u00e1 en marcha este viernes, con&hellip; <\/p>\n","protected":false},"author":8,"featured_media":182537,"comment_status":"closed","ping_status":"open","sticky":false,"template":"","format":"standard","meta":{"footnotes":""},"categories":[4],"tags":[],"class_list":["post-182536","post","type-post","status-publish","format-standard","has-post-thumbnail","hentry","category-deportes"],"_links":{"self":[{"href":"https:\/\/corrientesdetarde.com\/index.php\/wp-json\/wp\/v2\/posts\/182536","targetHints":{"allow":["GET"]}}],"collection":[{"href":"https:\/\/corrientesdetarde.com\/index.php\/wp-json\/wp\/v2\/posts"}],"about":[{"href":"https:\/\/corrientesdetarde.com\/index.php\/wp-json\/wp\/v2\/types\/post"}],"author":[{"embeddable":true,"href":"https:\/\/corrientesdetarde.com\/index.php\/wp-json\/wp\/v2\/users\/8"}],"replies":[{"embeddable":true,"href":"https:\/\/corrientesdetarde.com\/index.php\/wp-json\/wp\/v2\/comments?post=182536"}],"version-history":[{"count":1,"href":"https:\/\/corrientesdetarde.com\/index.php\/wp-json\/wp\/v2\/posts\/182536\/revisions"}],"predecessor-version":[{"id":182538,"href":"https:\/\/corrientesdetarde.com\/index.php\/wp-json\/wp\/v2\/posts\/182536\/revisions\/182538"}],"wp:featuredmedia":[{"embeddable":true,"href":"https:\/\/corrientesdetarde.com\/index.php\/wp-json\/wp\/v2\/media\/182537"}],"wp:attachment":[{"href":"https:\/\/corrientesdetarde.com\/index.php\/wp-json\/wp\/v2\/media?parent=182536"}],"wp:term":[{"taxonomy":"category","embeddable":true,"href":"https:\/\/corrientesdetarde.com\/index.php\/wp-json\/wp\/v2\/categories?post=182536"},{"taxonomy":"post_tag","embeddable":true,"href":"https:\/\/corrientesdetarde.com\/index.php\/wp-json\/wp\/v2\/tags?post=182536"}],"curies":[{"name":"wp","href":"https:\/\/api.w.org\/{rel}","templated":true}]}}