{"id":182548,"date":"2025-01-02T13:39:26","date_gmt":"2025-01-02T16:39:26","guid":{"rendered":"https:\/\/corrientesdetarde.com\/?p=182548"},"modified":"2025-01-02T13:39:29","modified_gmt":"2025-01-02T16:39:29","slug":"enzo-perez-a-un-paso-de-river-se-hizo-la-revision-medica-y-firmara-el-contrato-en-las-proximas-horas","status":"publish","type":"post","link":"https:\/\/corrientesdetarde.com\/index.php\/deportes\/enzo-perez-a-un-paso-de-river-se-hizo-la-revision-medica-y-firmara-el-contrato-en-las-proximas-horas\/","title":{"rendered":"Enzo P\u00e9rez, a un paso de River: se hizo la revisi\u00f3n m\u00e9dica y firmar\u00e1 el contrato en las pr\u00f3ximas horas"},"content":{"rendered":"\n<p>El volante regres\u00f3 al club de sus amores despu\u00e9s de una temporada en Estudiantes de La Plata, en donde gan\u00f3 dos t\u00edtulos.<\/p>\n\n\n\n<p><strong>La vuelta de Enzo P\u00e9rez a River es un hecho<\/strong>.\u00a0El mediocampista, que jug\u00f3 la \u00faltima temporada en Estudiantes de La Plata,\u00a0<strong>fue a la cl\u00ednica para hacerse los estudios m\u00e9dicos y firmar\u00e1 contrato en las pr\u00f3ximas horas.<\/strong><\/p>\n\n\n\n<p>El jugador que fue campe\u00f3n de la Copa Libertadores 2018 en la recordada final ante Boca en Madrid tiene el pase en su poder por lo que el conjunto de N\u00fa\u00f1ez solamente tendr\u00e1 que llegar a un acuerdo salarial con \u00e9l,&nbsp;<strong>sin necesidad de pagar su pase.<\/strong><\/p>\n\n\n\n<p>La pretemporada de River comenzar\u00e1 ma\u00f1ana, por lo que se espera que P\u00e9rez firme contrato en las pr\u00f3ximas horas.&nbsp;<strong>A\u00fan no hay informaci\u00f3n sobre una supuesta presentaci\u00f3n oficial.<\/strong><\/p>\n\n\n\n<figure class=\"wp-block-image\"><img decoding=\"async\" src=\"https:\/\/tn.com.ar\/resizer\/v2\/https%3A%2F%2Fthumbs.vodgc.net%2F1-398-8MF8yO1735822537123-1735823627.jpg?auth=a2bbb65545a8429f412bdce7ae56e54af4cc4de906193397d7ff11839eb4900b&amp;width=767\" alt=\"Video Placeholder\"\/><\/figure>\n\n\n\n<p>Si bien la dirigencia de River mantuvo un fuerte hermetismo sobre la llegada del \u00eddolo, hubo varios posteos en redes sociales que daban a entender que&nbsp;<strong>el acuerdo entre el jugador y el club estaba cerca.<\/strong><\/p>\n\n\n\n<p><strong>P\u00eda, la hija del futbolista, encendi\u00f3 la ilusi\u00f3n de los hinchas del Millonario con un particular posteo<\/strong>&nbsp;que hizo en redes sociales para recibir el nuevo a\u00f1o. Luego de compartir una serie de fotos con su familia, la nena eligi\u00f3 subir a su historia una publicaci\u00f3n de River oficial, en la que el club de N\u00fa\u00f1ez le da la bienvenida al 2025.<\/p>\n\n\n\n<figure class=\"wp-block-image\"><img decoding=\"async\" src=\"https:\/\/tn.com.ar\/resizer\/v2\/la-publicacion-de-la-hija-de-enzo-perez-en-su-instagram-foto-mariapiaperez13ig-ET5NAAZ5K5ER3OXAVEE4AJN6CI.jfif?auth=7e3e15c12cbc704fa02f66bdebbdbcbad0ebce4991d7325b0561fa0952fb38b8&amp;width=767\" alt=\"La publicaci\u00f3n de la hija de Enzo P\u00e9rez en su Instagram. (Foto: mariapiaperez13\/IG)\"\/><\/figure>\n\n\n\n<p>De esta manera, Gallardo y el subcampe\u00f3n del mundo en Brasil 2014 con la Selecci\u00f3n argentina se volver\u00e1n a reencontrar tras el&nbsp;<strong>fruct\u00edfero ciclo que compartieron desde 2017 a 2022.<\/strong><\/p>\n\n\n\n<p>P\u00e9rez llega a River tras un destacado a\u00f1o en Estudiantes, en el que<strong>&nbsp;jug\u00f3 38 partidos de 46 posibles y conquist\u00f3 dos t\u00edtulos: Copa de la Liga y Trofeo de Campeones&nbsp;<\/strong>2024, tras imponerse en ambas finales ante V\u00e9lez.<\/p>\n\n\n\n<h2 class=\"wp-block-heading\">River comenz\u00f3 las negociaciones con Mat\u00edas Rojas<\/h2>\n\n\n\n<p>River Plate estar\u00eda cerca de concretar la incorporaci\u00f3n de Mat\u00edas Rojas<a href=\"https:\/\/www.365scores.com\/es\/football\/player\/matias-rojas-41128\">,<\/a>&nbsp;el habilidoso mediocampista paraguayo de 29 a\u00f1os que actualmente se encuentra libre tras su paso por el&nbsp;<strong>Inter Miami<\/strong>&nbsp;de la MLS.<\/p>\n\n\n\n<p>Este fichaje podr\u00eda convertirse en uno de los movimientos m\u00e1s destacados del pr\u00f3ximo mercado de pases ya que el delantero dej\u00f3 una muy buena impresi\u00f3n tras su paso por Racing.<\/p>\n\n\n\n<figure class=\"wp-block-image\"><img decoding=\"async\" src=\"https:\/\/tn.com.ar\/resizer\/v2\/el-paraguayo-festejando-uno-de-los-goles-del-inter-miami-junto-a-lionel-messi-foto-intermiamifcinstagram-F7FX6IE3ZRH7BN2L4RDDPDDZVU.jpg?auth=86c120ab62028ea22d516ae813b190d0db3fe8911a4cdd38d40b3c6e2bf5447b&amp;width=767\" alt=\"El paraguayo festejando uno de los goles del Inter Miami junto a Lionel Messi. (Foto: @intermiamifc\/Instagram)\"\/><\/figure>\n\n\n\n<h2 class=\"wp-block-heading\">River comienza su pretemporada el 3 de enero<\/h2>\n\n\n\n<p><strong>La pretemporada de River comenzar\u00e1 el 3 de enero<\/strong>. El plantel se reunir\u00e1 en el River Camp de Ezeiza para hacerse los ex\u00e1menes m\u00e9dicos y, al d\u00eda siguiente, partir\u00e1n hacia San Mart\u00edn de los Andes.<\/p>\n\n\n\n<p>Adem\u00e1s, tambi\u00e9n&nbsp;<strong>tendr\u00e1 dos amistosos antes del comienzo del torneo<\/strong>. El viernes 17 se enfrentar\u00e1 a la Universidad de Chile y el el 21 de enero chocar\u00e1 contra la Selecci\u00f3n de M\u00e9xico, en el Monumental.<\/p>\n\n\n\n<p>River debutar\u00e1 en el Torneo Apertura, el s\u00e1bado 25 de enero frente a Platense, como visitante.<\/p>\n","protected":false},"excerpt":{"rendered":"<p>El volante regres\u00f3 al club de sus amores despu\u00e9s de una temporada en Estudiantes de La Plata, en donde gan\u00f3 dos t\u00edtulos. La vuelta de Enzo P\u00e9rez a River es&hellip; <\/p>\n","protected":false},"author":8,"featured_media":182549,"comment_status":"closed","ping_status":"open","sticky":false,"template":"","format":"standard","meta":{"footnotes":""},"categories":[4],"tags":[],"class_list":["post-182548","post","type-post","status-publish","format-standard","has-post-thumbnail","hentry","category-deportes"],"_links":{"self":[{"href":"https:\/\/corrientesdetarde.com\/index.php\/wp-json\/wp\/v2\/posts\/182548","targetHints":{"allow":["GET"]}}],"collection":[{"href":"https:\/\/corrientesdetarde.com\/index.php\/wp-json\/wp\/v2\/posts"}],"about":[{"href":"https:\/\/corrientesdetarde.com\/index.php\/wp-json\/wp\/v2\/types\/post"}],"author":[{"embeddable":true,"href":"https:\/\/corrientesdetarde.com\/index.php\/wp-json\/wp\/v2\/users\/8"}],"replies":[{"embeddable":true,"href":"https:\/\/corrientesdetarde.com\/index.php\/wp-json\/wp\/v2\/comments?post=182548"}],"version-history":[{"count":1,"href":"https:\/\/corrientesdetarde.com\/index.php\/wp-json\/wp\/v2\/posts\/182548\/revisions"}],"predecessor-version":[{"id":182550,"href":"https:\/\/corrientesdetarde.com\/index.php\/wp-json\/wp\/v2\/posts\/182548\/revisions\/182550"}],"wp:featuredmedia":[{"embeddable":true,"href":"https:\/\/corrientesdetarde.com\/index.php\/wp-json\/wp\/v2\/media\/182549"}],"wp:attachment":[{"href":"https:\/\/corrientesdetarde.com\/index.php\/wp-json\/wp\/v2\/media?parent=182548"}],"wp:term":[{"taxonomy":"category","embeddable":true,"href":"https:\/\/corrientesdetarde.com\/index.php\/wp-json\/wp\/v2\/categories?post=182548"},{"taxonomy":"post_tag","embeddable":true,"href":"https:\/\/corrientesdetarde.com\/index.php\/wp-json\/wp\/v2\/tags?post=182548"}],"curies":[{"name":"wp","href":"https:\/\/api.w.org\/{rel}","templated":true}]}}