{"id":182554,"date":"2025-01-02T13:45:39","date_gmt":"2025-01-02T16:45:39","guid":{"rendered":"https:\/\/corrientesdetarde.com\/?p=182554"},"modified":"2025-01-02T13:45:52","modified_gmt":"2025-01-02T16:45:52","slug":"terror-en-montenegro-un-hombre-mato-a-tiros-a-12-personas-y-luego-se-quito-la-vida","status":"publish","type":"post","link":"https:\/\/corrientesdetarde.com\/index.php\/internacionales\/terror-en-montenegro-un-hombre-mato-a-tiros-a-12-personas-y-luego-se-quito-la-vida\/","title":{"rendered":"Terror en Montenegro: un hombre mat\u00f3 a tiros a 12 personas y luego se quit\u00f3 la vida"},"content":{"rendered":"\n<p>El agresor, identificado como Aco Martinovic, comenz\u00f3 a disparar despu\u00e9s de una discusi\u00f3n en un bar de Cetinje, a 30 kil\u00f3metros de la capital de pa\u00eds. Entre las v\u00edctima se encuentran dos menores de edad, los due\u00f1os del lugar y familiares del tirador.<\/p>\n\n\n\n<p>Un hombre mat\u00f3 a\u00a0<strong>doce personas<\/strong>\u00a0este mi\u00e9rcoles luego de una disputa en un bar de\u00a0<strong>Montenegro\u00a0<\/strong>y se quit\u00f3 la vida cuando fue acorralado por la\u00a0Polic\u00eda. El tr\u00e1gico episodio ocurri\u00f3 en Cetinje, un pueblo ubicado a 30 kil\u00f3metros de Podg\u00f3rica, la capital del pa\u00eds.<\/p>\n\n\n\n<p>El atacante de 45 a\u00f1os fue identificado como Aco Martinovic. Seg\u00fan el Ministerio del Interior de ese pa\u00eds, entre los muertos tambi\u00e9n se encuentran&nbsp;<strong>dos menores&nbsp;<\/strong>de edad, los due\u00f1os del lugar y miembros de la&nbsp;<strong>familia&nbsp;<\/strong>del propio tirador. Asimismo, hay cuatro heridos en estado grave.<\/p>\n\n\n\n<p>La investigaci\u00f3n preliminar del crimen indic\u00f3 que el tiroteo inici\u00f3 en el bar, donde murieron cuatro hombres, y continu\u00f3 en&nbsp;<strong>cadena&nbsp;<\/strong>por otros cinco puntos de Cetinje. En la segunda ubicaci\u00f3n dispar\u00f3 contra otras cuatro personas y en la tercera mat\u00f3 a los dos menores. Luego, en la cuarta y quinta, Martinovic acab\u00f3 con las cuatro vidas restantes.<\/p>\n\n\n\n<p>\u201cEn cada ubicaci\u00f3n se realiz\u00f3 una inspecci\u00f3n y se recogieron pruebas que ser\u00e1n consideradas\u201d, inform\u00f3 la fiscal a cargo, Andrijana Nastic, y confirm\u00f3: \u201cEl autor de los asesinatos se suicid\u00f3 y esa es la sexta ubicaci\u00f3n\u201d.<\/p>\n\n\n\n<figure class=\"wp-block-image\"><img decoding=\"async\" src=\"https:\/\/tn.com.ar\/resizer\/v2\/la-policia-pidio-a-la-poblacion-que-se-mantenga-dentro-de-sus-casas-hasta-que-capturaran-al-atacante-foto-reuters-OFGHCUKIUZAY7MJL6URY5H4QDA.png?auth=d212271affe908fab3f3a5375ef36a041833bdfc2358992ab03b1cb85f982ec6&amp;width=767\" alt=\"La Polic\u00eda pidi\u00f3 a la poblaci\u00f3n que se mantenga dentro de sus casas hasta que capturaran al atacante. (Foto: Reuters)\"\/><\/figure>\n\n\n\n<p>Martinovic fue trasladado con vida al hospital, pero muri\u00f3 al poco tiempo producto de las heridas de bala. Los medios de comunicaci\u00f3n locales informaron que el agresor era&nbsp;<strong>conocido por su comportamiento violento<\/strong>&nbsp;y tiempo atr\u00e1s hab\u00eda sido detenido por<strong>&nbsp;posesi\u00f3n ilegal de armas<\/strong>.<\/p>\n\n\n\n<p>Seg\u00fan inform\u00f3 en conferencia de prensa el director de la Polic\u00eda, Lazar Scepanovic, Martinovic estuvo tomando&nbsp;<strong>alcohol&nbsp;<\/strong>durante gran parte del d\u00eda. Desde las fuerzas de seguridad tambi\u00e9n pidieron a la poblaci\u00f3n que se mantenga dentro de sus casas hasta que capturaran al atacante.<\/p>\n\n\n\n<p>\u201cEn lugar de alegr\u00eda festiva&#8230; fuimos atrapados por la tristeza debida a la p\u00e9rdida de vidas inocentes\u201d, escribi\u00f3 el presidente montenegrino, Jakov Milatoivc, en su cuenta oficial de&nbsp;<em>X<\/em>. \u201cEs una terrible tragedia que nos ha afectado a todos. Todos los equipos de polic\u00eda est\u00e1n en acci\u00f3n\u201d, agreg\u00f3 el primer ministro del pa\u00eds, Milojko Spajic, y decret\u00f3 tres d\u00edas de luto.<\/p>\n\n\n\n<figure class=\"wp-block-image\"><img decoding=\"async\" src=\"https:\/\/tn.com.ar\/resizer\/v2\/bar-en-cetinje-donde-comenzo-el-tiroteo-en-cadena-foto-gentileza-nationalnews-M3BFNABUQ5B7LONASAW6ZS2OYE.png?auth=0ef77423cec328b92918ffdbd4463af6c8aa3ace84aadf9f44d2e9d37e4ccbac&amp;width=767\" alt=\"Bar en Cetinje donde comenz\u00f3 el tiroteo en cadena. (Foto: gentileza NationalNews)\"\/><\/figure>\n\n\n\n<p>En agosto de 2022 otro hombre mat\u00f3 en el mismo pueblo a diez personas, entre ellas dos menores, durante un&nbsp;<strong>tiroteo similar<\/strong>&nbsp;y fue abatido por la Polic\u00eda luego de cometer el crimen.<\/p>\n\n\n\n<p>Si bien en Montenegro hay leyes que&nbsp;<strong>regulan posesi\u00f3n de armas<\/strong>, el pa\u00eds se caracteriza por su cultura armament\u00edstica. La presencia de ellas son resultado de las guerras por la desintegraci\u00f3n de la antigua Yugoslavia a comienzos da la d\u00e9cada de los 90 y a\u00fan circulan de manera ilegal en el mercado.<\/p>\n","protected":false},"excerpt":{"rendered":"<p>El agresor, identificado como Aco Martinovic, comenz\u00f3 a disparar despu\u00e9s de una discusi\u00f3n en un bar de Cetinje, a 30 kil\u00f3metros de la capital de pa\u00eds. Entre las v\u00edctima se&hellip; <\/p>\n","protected":false},"author":8,"featured_media":182555,"comment_status":"closed","ping_status":"open","sticky":false,"template":"","format":"standard","meta":{"footnotes":""},"categories":[11],"tags":[],"class_list":["post-182554","post","type-post","status-publish","format-standard","has-post-thumbnail","hentry","category-internacionales"],"_links":{"self":[{"href":"https:\/\/corrientesdetarde.com\/index.php\/wp-json\/wp\/v2\/posts\/182554","targetHints":{"allow":["GET"]}}],"collection":[{"href":"https:\/\/corrientesdetarde.com\/index.php\/wp-json\/wp\/v2\/posts"}],"about":[{"href":"https:\/\/corrientesdetarde.com\/index.php\/wp-json\/wp\/v2\/types\/post"}],"author":[{"embeddable":true,"href":"https:\/\/corrientesdetarde.com\/index.php\/wp-json\/wp\/v2\/users\/8"}],"replies":[{"embeddable":true,"href":"https:\/\/corrientesdetarde.com\/index.php\/wp-json\/wp\/v2\/comments?post=182554"}],"version-history":[{"count":1,"href":"https:\/\/corrientesdetarde.com\/index.php\/wp-json\/wp\/v2\/posts\/182554\/revisions"}],"predecessor-version":[{"id":182556,"href":"https:\/\/corrientesdetarde.com\/index.php\/wp-json\/wp\/v2\/posts\/182554\/revisions\/182556"}],"wp:featuredmedia":[{"embeddable":true,"href":"https:\/\/corrientesdetarde.com\/index.php\/wp-json\/wp\/v2\/media\/182555"}],"wp:attachment":[{"href":"https:\/\/corrientesdetarde.com\/index.php\/wp-json\/wp\/v2\/media?parent=182554"}],"wp:term":[{"taxonomy":"category","embeddable":true,"href":"https:\/\/corrientesdetarde.com\/index.php\/wp-json\/wp\/v2\/categories?post=182554"},{"taxonomy":"post_tag","embeddable":true,"href":"https:\/\/corrientesdetarde.com\/index.php\/wp-json\/wp\/v2\/tags?post=182554"}],"curies":[{"name":"wp","href":"https:\/\/api.w.org\/{rel}","templated":true}]}}