{"id":182560,"date":"2025-01-02T13:57:17","date_gmt":"2025-01-02T16:57:17","guid":{"rendered":"https:\/\/corrientesdetarde.com\/?p=182560"},"modified":"2025-01-02T13:57:21","modified_gmt":"2025-01-02T16:57:21","slug":"agenda-cultural-portena-de-principios-de-ano-que-no-descansa","status":"publish","type":"post","link":"https:\/\/corrientesdetarde.com\/index.php\/cultura\/agenda-cultural-portena-de-principios-de-ano-que-no-descansa\/","title":{"rendered":"AGENDA CULTURAL PORTE\u00d1A DE PRINCIPIOS DE A\u00d1O QUE NO DESCANSA"},"content":{"rendered":"\n<p>(Por Bel\u00e9n Papa Orfano, para CDT) &#8211; Buenos Aires es una capital cultural y por lo tanto el arte, la m\u00fasica y el cine no descansan ni la primera semana del a\u00f1o. La propuesta para este fin de semana es reencontrarse con el renovado Museo S\u00edvori, conocer m\u00e1s sobre la vida y obra de Marta Minuj\u00edn y, para los nost\u00e1lgicos, revivir la despedida de Sui Generis.<\/p>\n\n\n\n<p><strong>ARTE<\/strong><\/p>\n\n\n\n<p>El Museo S\u00edvori reabri\u00f3 antes del nuevo a\u00f1o las puertas de su renovada sede con la inauguraci\u00f3n y la entrega de premios del 68\u00b0 Sal\u00f3n Manuel Belgrano.<\/p>\n\n\n\n<p>La casona emplazada en medio de los bosques de Palermo ya puede visitarse, as\u00ed como la la exposici\u00f3n de las obras premiadas y mencionadas.<\/p>\n\n\n\n<p>Museo S\u00edvori &#8211; Av. Infanta Isabel 555<\/p>\n\n\n\n<p><strong>M\u00daSICA<\/strong><\/p>\n\n\n\n<p>Para los m\u00e1s nost\u00e1lgicos, el ciclo de cine del Malba presentar\u00e1 durante enero Adi\u00f3s Sui Generis. El documental relata el fen\u00f3meno del d\u00fao compuesto por Charly Garc\u00eda y Lito Nebbia en su show despedida en el Luna Park el 5 de septiembre del 75.<\/p>\n\n\n\n<p>Adi\u00f3s Sui Generis (Argentina-1976) de Bebe Kam\u00edn se proyectar\u00e1 el s\u00e1bado 4 de enero a las 24:00. Las entradas se pueden comprar en la web de Malba o en boleter\u00eda.<\/p>\n\n\n\n<p>Malba &#8211; Av. Pres. Figueroa Alcorta 3415<\/p>\n\n\n\n<p><strong>CINE<\/strong><\/p>\n\n\n\n<p>Marta Minuj\u00edn, \u00edcono del arte argentino y una de las figuras m\u00e1s importantes del arte pop de Latinoam\u00e9rica, ahora tiene su documental. <em>Construcci\u00f3n de un mundo<\/em> indaga en la vida y obra de la artista pl\u00e1stica.<\/p>\n\n\n\n<p>A trav\u00e9s de sus exposiciones en Nueva York, Cal\u00ed y Par\u00eds, y de su propio testimonio, y el de colegas y familiares, el documental pone el acento en su universo inclasificable y revela detalles desconocidos de su historia.<\/p>\n\n\n\n<p>Todos los viernes de enero, a las 20 horas, en el auditorio del Malba. Las entradas se pueden comprar en el museo o en boleter\u00eda.<\/p>\n\n\n\n<p>Malba &#8211; Av. Pres. Figueroa Alcorta 3415<\/p>\n\n\n\n<p><strong>PARA LOS M\u00c1S CHICOS<\/strong><\/p>\n\n\n\n<p>El Museo de Arte Moderno de Buenos Aires presenta el taller de pintura, Una lluvia de sue\u00f1os. A partir de la exposici\u00f3n Alberto Passolini: So\u00f1ar a borbotones, el museo propone descubrir&nbsp; c\u00f3mo las gotas, manchas y salpicaduras de pintura pueden crear nuevos seres y mundos posibles.<\/p>\n\n\n\n<p>\u201cComo ante un mar inesperado, nos dejaremos llevar por la sorpresa que acompa\u00f1a al movimiento de t\u00e9mperas y acuarelas sobre la tela y el papel\u201d, explicaron desde la instituci\u00f3n.<\/p>\n\n\n\n<p>La invitaci\u00f3n es el s\u00e1bado 4 de enero, de 16 a 18 horas. La actividad est\u00e1 orientada a ni\u00f1os a partir de los 6 a\u00f1os. La actividad es gratuita con inscripci\u00f3n previa en la web del museo.<\/p>\n\n\n\n<p>Muso de Arte Moderno &#8211; Av. San Juan 350<\/p>\n","protected":false},"excerpt":{"rendered":"<p>(Por Bel\u00e9n Papa Orfano, para CDT) &#8211; Buenos Aires es una capital cultural y por lo tanto el arte, la m\u00fasica y el cine no descansan ni la primera semana&hellip; <\/p>\n","protected":false},"author":11,"featured_media":182561,"comment_status":"closed","ping_status":"open","sticky":false,"template":"","format":"standard","meta":{"footnotes":""},"categories":[15],"tags":[],"class_list":["post-182560","post","type-post","status-publish","format-standard","has-post-thumbnail","hentry","category-cultura"],"_links":{"self":[{"href":"https:\/\/corrientesdetarde.com\/index.php\/wp-json\/wp\/v2\/posts\/182560","targetHints":{"allow":["GET"]}}],"collection":[{"href":"https:\/\/corrientesdetarde.com\/index.php\/wp-json\/wp\/v2\/posts"}],"about":[{"href":"https:\/\/corrientesdetarde.com\/index.php\/wp-json\/wp\/v2\/types\/post"}],"author":[{"embeddable":true,"href":"https:\/\/corrientesdetarde.com\/index.php\/wp-json\/wp\/v2\/users\/11"}],"replies":[{"embeddable":true,"href":"https:\/\/corrientesdetarde.com\/index.php\/wp-json\/wp\/v2\/comments?post=182560"}],"version-history":[{"count":2,"href":"https:\/\/corrientesdetarde.com\/index.php\/wp-json\/wp\/v2\/posts\/182560\/revisions"}],"predecessor-version":[{"id":182563,"href":"https:\/\/corrientesdetarde.com\/index.php\/wp-json\/wp\/v2\/posts\/182560\/revisions\/182563"}],"wp:featuredmedia":[{"embeddable":true,"href":"https:\/\/corrientesdetarde.com\/index.php\/wp-json\/wp\/v2\/media\/182561"}],"wp:attachment":[{"href":"https:\/\/corrientesdetarde.com\/index.php\/wp-json\/wp\/v2\/media?parent=182560"}],"wp:term":[{"taxonomy":"category","embeddable":true,"href":"https:\/\/corrientesdetarde.com\/index.php\/wp-json\/wp\/v2\/categories?post=182560"},{"taxonomy":"post_tag","embeddable":true,"href":"https:\/\/corrientesdetarde.com\/index.php\/wp-json\/wp\/v2\/tags?post=182560"}],"curies":[{"name":"wp","href":"https:\/\/api.w.org\/{rel}","templated":true}]}}