{"id":182564,"date":"2025-01-02T14:29:05","date_gmt":"2025-01-02T17:29:05","guid":{"rendered":"https:\/\/corrientesdetarde.com\/?p=182564"},"modified":"2025-01-02T14:29:17","modified_gmt":"2025-01-02T17:29:17","slug":"la-argentina-presento-una-denuncia-ante-la-corte-penal-internacional-por-la-detencion-del-gendarme","status":"publish","type":"post","link":"https:\/\/corrientesdetarde.com\/index.php\/politica\/la-argentina-presento-una-denuncia-ante-la-corte-penal-internacional-por-la-detencion-del-gendarme\/","title":{"rendered":"La Argentina present\u00f3 una denuncia ante la Corte Penal Internacional por la detenci\u00f3n del gendarme"},"content":{"rendered":"\n<p>La Canciller\u00eda advirti\u00f3 que el arresto de Nahuel Gallo es una \u201cviolaci\u00f3n grave de los derechos humanos\u201d. Adem\u00e1s, alert\u00f3 sobre \u201cun patr\u00f3n sistem\u00e1tico de cr\u00edmenes de lesa humanidad\u201d por parte del chavismo.<\/p>\n\n\n\n<p>La Argentina present\u00f3 una\u00a0<strong>denuncia\u00a0<\/strong>ante la\u00a0<strong>Corte Penal Internacional (CPI)<\/strong>\u00a0por el arresto del gendarme argentino en Venezuela,\u00a0<strong>Nahuel Agust\u00edn Gallo<\/strong>. El anuncio lo hizo la Canciller\u00eda, que advirti\u00f3 sobre \u201cla detenci\u00f3n\u00a0<strong>arbitraria\u00a0<\/strong>y desaparici\u00f3n\u00a0<strong>forzada\u201d\u00a0<\/strong>del oficial, el 8 de diciembre del a\u00f1o pasado.<\/p>\n\n\n\n<p>El Ministerio liderado por\u00a0<strong>Gerardo Werthein<\/strong>\u00a0alert\u00f3 que \u201ceste hecho constituye una\u00a0<strong>violaci\u00f3n grave y flagrante\u00a0<\/strong>de los derechos humanos, evidenciando un patr\u00f3n sistem\u00e1tico de\u00a0<strong>cr\u00edmenes de lesa humanidad\u00a0<\/strong>que se est\u00e1n cometiendo en la Rep\u00fablica Bolivariana de Venezuela, los cuales se encuentran claramente bajo la jurisdicci\u00f3n de la CPI\u201d.<\/p>\n\n\n\n<p>La Canciller\u00eda confirm\u00f3 que seguir\u00e1n \u201cutilizando todos los recursos legales y diplom\u00e1ticos para&nbsp;<strong>garantizar los derechos&nbsp;<\/strong>del ciudadano Nahuel Gallo, proteger los derechos humanos y exigir justicia internacional\u201d.<\/p>\n\n\n\n<p>La Corte Penal Internacional (CPI) es el m\u00e1ximo tribunal internacional que investiga delitos de personas f\u00edsicas. El chavismo tiene distintas causas abiertas all\u00ed.<\/p>\n\n\n\n<p>Desde la semana anterior, y mientras la tensi\u00f3n bilateral iba en aumento entre acusaciones del fiscal general venezolano&nbsp;<strong>Tarek William Saab&nbsp;<\/strong>con la ministra de Seguridad,&nbsp;<strong>Patricia Bullrich<\/strong>, y propio Werthein, la Argentina empez\u00f3 a negociar v\u00eda Brasil la informaci\u00f3n que negada por el chavismo:&nbsp;<strong>d\u00f3nde se encuentra alojado Nahuel Gallo, cu\u00e1les son los cargos formales que se le imputan y cu\u00e1les son las respectivas pruebas<\/strong>&nbsp;del supuesto plan de<strong>&nbsp;terrorismo y desestabilizaci\u00f3n&nbsp;<\/strong>del que lo acusa el gobierno de<strong>&nbsp;Nicol\u00e1s Maduro<\/strong>.<\/p>\n\n\n\n<figure class=\"wp-block-image\"><img decoding=\"async\" src=\"https:\/\/tn.com.ar\/resizer\/v2\/patricia-bullrich-junto-a-la-madre-del-gendarme-detenido-foto-tomas-cuestareuters-ICYVCNZW4RB2BBAYCFR4M453MA.jpg?auth=20ea9fe0370477737740fc16e9982e95108884c852cd84541891665bb5b98db5&amp;width=767\" alt=\"Patricia Bullrich junto a la madre del gendarme detenido. (Foto: Tom\u00e1s Cuesta\/Reuters)\"\/><\/figure>\n\n\n\n<p>El viernes pasado, la Fiscal\u00eda de Venezuela emiti\u00f3 un comunicado donde acus\u00f3 al gendarme. \u201cEl Ministerio P\u00fablico informa que el Sr. Nahuel Agust\u00edn Gallo ha sido detenido al haber intentado ingresar irregularmente a la Rep\u00fablica Bolivariana de Venezuela<strong>&nbsp;ocultando su verdadero plan criminal bajo el ropaje de una visita sentimental\u201d<\/strong>, dicta el comunicado.<\/p>\n\n\n\n<p>El fiscal asegur\u00f3 que Gallo se encuentra sometido a una investigaci\u00f3n por \u201csu vinculaci\u00f3n a un grupo de personas\u201d que intentaron desde territorio venezolano y \u201ccon apoyo de grupos de la ultraderecha internacional ejecutar una serie de acciones desestabilizadoras y terroristas\u201d. Y remarcaron que el imputado \u201cest\u00e1 a disposici\u00f3n del juez en base a lo establecido por la Constituci\u00f3n y las leyes nacionales\u201d.<\/p>\n\n\n\n<p>Desde la Casa Rosada buscan ser muy cautos para preservar la integridad f\u00edsica no s\u00f3lo del gendarme, sino la de su pareja y del nene de casi dos a\u00f1os que tienen en com\u00fan.<\/p>\n\n\n\n<p>Niegan, adem\u00e1s, una y otra vez las acusaciones de que Nahuel Gallo era parte de un \u201cplan criminal\u201d -como esgrime el chavismo- y que la visita sentimental era una pantalla para entrar al pa\u00eds. \u201c<strong>Todo mentira, vamos a seguir hasta lograr su liberaci\u00f3n\u201d<\/strong>,sentenci\u00f3 Bullrich.<\/p>\n","protected":false},"excerpt":{"rendered":"<p>La Canciller\u00eda advirti\u00f3 que el arresto de Nahuel Gallo es una \u201cviolaci\u00f3n grave de los derechos humanos\u201d. Adem\u00e1s, alert\u00f3 sobre \u201cun patr\u00f3n sistem\u00e1tico de cr\u00edmenes de lesa humanidad\u201d por parte&hellip; <\/p>\n","protected":false},"author":8,"featured_media":182565,"comment_status":"closed","ping_status":"open","sticky":false,"template":"","format":"standard","meta":{"footnotes":""},"categories":[3],"tags":[],"class_list":["post-182564","post","type-post","status-publish","format-standard","has-post-thumbnail","hentry","category-politica"],"_links":{"self":[{"href":"https:\/\/corrientesdetarde.com\/index.php\/wp-json\/wp\/v2\/posts\/182564","targetHints":{"allow":["GET"]}}],"collection":[{"href":"https:\/\/corrientesdetarde.com\/index.php\/wp-json\/wp\/v2\/posts"}],"about":[{"href":"https:\/\/corrientesdetarde.com\/index.php\/wp-json\/wp\/v2\/types\/post"}],"author":[{"embeddable":true,"href":"https:\/\/corrientesdetarde.com\/index.php\/wp-json\/wp\/v2\/users\/8"}],"replies":[{"embeddable":true,"href":"https:\/\/corrientesdetarde.com\/index.php\/wp-json\/wp\/v2\/comments?post=182564"}],"version-history":[{"count":1,"href":"https:\/\/corrientesdetarde.com\/index.php\/wp-json\/wp\/v2\/posts\/182564\/revisions"}],"predecessor-version":[{"id":182566,"href":"https:\/\/corrientesdetarde.com\/index.php\/wp-json\/wp\/v2\/posts\/182564\/revisions\/182566"}],"wp:featuredmedia":[{"embeddable":true,"href":"https:\/\/corrientesdetarde.com\/index.php\/wp-json\/wp\/v2\/media\/182565"}],"wp:attachment":[{"href":"https:\/\/corrientesdetarde.com\/index.php\/wp-json\/wp\/v2\/media?parent=182564"}],"wp:term":[{"taxonomy":"category","embeddable":true,"href":"https:\/\/corrientesdetarde.com\/index.php\/wp-json\/wp\/v2\/categories?post=182564"},{"taxonomy":"post_tag","embeddable":true,"href":"https:\/\/corrientesdetarde.com\/index.php\/wp-json\/wp\/v2\/tags?post=182564"}],"curies":[{"name":"wp","href":"https:\/\/api.w.org\/{rel}","templated":true}]}}