{"id":182775,"date":"2025-01-04T09:00:34","date_gmt":"2025-01-04T12:00:34","guid":{"rendered":"https:\/\/corrientesdetarde.com\/?p=182775"},"modified":"2025-01-04T09:00:35","modified_gmt":"2025-01-04T12:00:35","slug":"secuestro-de-un-auto-por-presuntas-adulteraciones","status":"publish","type":"post","link":"https:\/\/corrientesdetarde.com\/index.php\/policiales\/secuestro-de-un-auto-por-presuntas-adulteraciones\/","title":{"rendered":"Secuestro de un auto por presuntas adulteraciones"},"content":{"rendered":"\n<p>La Polic\u00eda secuestr\u00f3 un autom\u00f3vil en el centro de la ciudad de Corrientes por presuntas anomal\u00edas. El veh\u00edculo carec\u00eda de los grabados de domicilio en los cristales y los datos de la c\u00e9dula presentada por el conductor no coinciden con los asentados en el Registro Automotor.<\/p>\n\n\n\n<p>El procedimiento de parte de efectivos de la Unidad Especial Antiarrebatos se produjo en la esquina de calles San Lorenzo y Mariano Moreno.<\/p>\n\n\n\n<p>Anteayer, una patrulla demor\u00f3 al ocupante de un Ford Focus gris. A esa persona solicitaron la documentaci\u00f3n mientras inspeccionaban el veh\u00edculo.<\/p>\n\n\n\n<p>A simple vista en los vidrios faltaba el grabado alfanum\u00e9rico de dominio y la c\u00e9dula podr\u00eda ser ap\u00f3crifa.<\/p>\n\n\n\n<figure class=\"wp-block-image\"><img decoding=\"async\" src=\"https:\/\/www.diarioepoca.com\/content\/bucket\/7\/1405107w380h314c.jpg.webp\" alt=\"\"\/><\/figure>\n\n\n\n<p>La Unidad Fiscal dispuso el secuestro del rodado. En tanto, el conductor estuvo unas horas demorado.<\/p>\n\n\n\n<p>Los efectivos recibieron la orden de iniciar una investigaci\u00f3n de oficio por &#8220;supuesta averiguaci\u00f3n de delito&#8221;.<\/p>\n","protected":false},"excerpt":{"rendered":"<p>La Polic\u00eda secuestr\u00f3 un autom\u00f3vil en el centro de la ciudad de Corrientes por presuntas anomal\u00edas. El veh\u00edculo carec\u00eda de los grabados de domicilio en los cristales y los datos&hellip; <\/p>\n","protected":false},"author":3,"featured_media":182790,"comment_status":"closed","ping_status":"open","sticky":false,"template":"","format":"standard","meta":{"footnotes":""},"categories":[33],"tags":[],"class_list":["post-182775","post","type-post","status-publish","format-standard","has-post-thumbnail","hentry","category-policiales"],"_links":{"self":[{"href":"https:\/\/corrientesdetarde.com\/index.php\/wp-json\/wp\/v2\/posts\/182775","targetHints":{"allow":["GET"]}}],"collection":[{"href":"https:\/\/corrientesdetarde.com\/index.php\/wp-json\/wp\/v2\/posts"}],"about":[{"href":"https:\/\/corrientesdetarde.com\/index.php\/wp-json\/wp\/v2\/types\/post"}],"author":[{"embeddable":true,"href":"https:\/\/corrientesdetarde.com\/index.php\/wp-json\/wp\/v2\/users\/3"}],"replies":[{"embeddable":true,"href":"https:\/\/corrientesdetarde.com\/index.php\/wp-json\/wp\/v2\/comments?post=182775"}],"version-history":[{"count":1,"href":"https:\/\/corrientesdetarde.com\/index.php\/wp-json\/wp\/v2\/posts\/182775\/revisions"}],"predecessor-version":[{"id":182815,"href":"https:\/\/corrientesdetarde.com\/index.php\/wp-json\/wp\/v2\/posts\/182775\/revisions\/182815"}],"wp:featuredmedia":[{"embeddable":true,"href":"https:\/\/corrientesdetarde.com\/index.php\/wp-json\/wp\/v2\/media\/182790"}],"wp:attachment":[{"href":"https:\/\/corrientesdetarde.com\/index.php\/wp-json\/wp\/v2\/media?parent=182775"}],"wp:term":[{"taxonomy":"category","embeddable":true,"href":"https:\/\/corrientesdetarde.com\/index.php\/wp-json\/wp\/v2\/categories?post=182775"},{"taxonomy":"post_tag","embeddable":true,"href":"https:\/\/corrientesdetarde.com\/index.php\/wp-json\/wp\/v2\/tags?post=182775"}],"curies":[{"name":"wp","href":"https:\/\/api.w.org\/{rel}","templated":true}]}}