{"id":182792,"date":"2025-01-04T10:00:20","date_gmt":"2025-01-04T13:00:20","guid":{"rendered":"https:\/\/corrientesdetarde.com\/?p=182792"},"modified":"2025-01-04T10:00:21","modified_gmt":"2025-01-04T13:00:21","slug":"el-correntino-guillermo-enrique-refuerzo-de-alianza-lima","status":"publish","type":"post","link":"https:\/\/corrientesdetarde.com\/index.php\/informacion-general\/el-correntino-guillermo-enrique-refuerzo-de-alianza-lima\/","title":{"rendered":"El correntino Guillermo Enrique, refuerzo de Alianza Lima"},"content":{"rendered":"\n<p>El defensor goyano, de 24 a\u00f1os, llega proveniente de Banfield, donde jug\u00f3 a pr\u00e9stamo el semestre pasado y su pase pertenece a Gimnasia y Esgrima de La Plata, donde debut\u00f3 en 2021. &#8220;Estoy contento porque es la primera vez que me va a tocar jugar la Copa Libertadores&#8221;, coment\u00f3 emocionado.&nbsp;<\/p>\n\n\n\n<p>El defensor goyano Guillermo Enrique se sum\u00f3 a Alianza Lima de Per\u00fa, que en febrero jugar\u00e1 la Copa Libertadores.<\/p>\n\n\n\n<p>Enrique, de 24 a\u00f1os, llega proveniente de Banfield, donde jug\u00f3 a pr\u00e9stamo el semestre pasado y su pase pertenece a Gimnasia y Esgrima de La Plata, donde debut\u00f3 en 2021.<\/p>\n\n\n\n<p>El correntino ya fue dirigido por N\u00e9stor Gorosito (actual DT de Alianza Lima) en Gimnasia y dijo al llegar &#8220;estoy contento porque es la primera vez que me va a tocar jugar la Copa Libertadores. El a\u00f1o pasado no tuve mucha continuidad por muchas lesiones que sufr\u00ed, la pas\u00e9 bastante mal, pero ahora estoy bien. Hace dos meses ven\u00eda de una recuperaci\u00f3n de la rodilla&#8221;.<\/p>\n\n\n\n<p>&#8220;Nosotros venimos a aportar para el equipo, para la instituci\u00f3n, a dejar siempre todo, obviamente, como lo venimos haciendo en Argentina. As\u00ed que nada, contento, muy emocionado por llegar ac\u00e1 a este pa\u00eds, que es una nueva experiencia para m\u00ed&#8221;, agreg\u00f3. Adem\u00e1s, expres\u00f3 lo que significa para \u00e9l jugar por Alianza Lima de Per\u00fa.<\/p>\n\n\n\n<p>&#8220;La verdad que yo tengo una alegr\u00eda tremenda, una expectativa enorme de dejar todo por esta instituci\u00f3n. Nosotros, los argentinos, siempre demostramos eso, la garra y el coraje que tenemos para salir a la cancha en cada partido, y dejar todo por un equipo. Voy a dejar la vida por este club&#8221;, remarc\u00f3.&nbsp;<\/p>\n","protected":false},"excerpt":{"rendered":"<p>El defensor goyano, de 24 a\u00f1os, llega proveniente de Banfield, donde jug\u00f3 a pr\u00e9stamo el semestre pasado y su pase pertenece a Gimnasia y Esgrima de La Plata, donde debut\u00f3&hellip; <\/p>\n","protected":false},"author":3,"featured_media":182809,"comment_status":"closed","ping_status":"open","sticky":false,"template":"","format":"standard","meta":{"footnotes":""},"categories":[1],"tags":[],"class_list":["post-182792","post","type-post","status-publish","format-standard","has-post-thumbnail","hentry","category-informacion-general"],"_links":{"self":[{"href":"https:\/\/corrientesdetarde.com\/index.php\/wp-json\/wp\/v2\/posts\/182792","targetHints":{"allow":["GET"]}}],"collection":[{"href":"https:\/\/corrientesdetarde.com\/index.php\/wp-json\/wp\/v2\/posts"}],"about":[{"href":"https:\/\/corrientesdetarde.com\/index.php\/wp-json\/wp\/v2\/types\/post"}],"author":[{"embeddable":true,"href":"https:\/\/corrientesdetarde.com\/index.php\/wp-json\/wp\/v2\/users\/3"}],"replies":[{"embeddable":true,"href":"https:\/\/corrientesdetarde.com\/index.php\/wp-json\/wp\/v2\/comments?post=182792"}],"version-history":[{"count":1,"href":"https:\/\/corrientesdetarde.com\/index.php\/wp-json\/wp\/v2\/posts\/182792\/revisions"}],"predecessor-version":[{"id":182842,"href":"https:\/\/corrientesdetarde.com\/index.php\/wp-json\/wp\/v2\/posts\/182792\/revisions\/182842"}],"wp:featuredmedia":[{"embeddable":true,"href":"https:\/\/corrientesdetarde.com\/index.php\/wp-json\/wp\/v2\/media\/182809"}],"wp:attachment":[{"href":"https:\/\/corrientesdetarde.com\/index.php\/wp-json\/wp\/v2\/media?parent=182792"}],"wp:term":[{"taxonomy":"category","embeddable":true,"href":"https:\/\/corrientesdetarde.com\/index.php\/wp-json\/wp\/v2\/categories?post=182792"},{"taxonomy":"post_tag","embeddable":true,"href":"https:\/\/corrientesdetarde.com\/index.php\/wp-json\/wp\/v2\/tags?post=182792"}],"curies":[{"name":"wp","href":"https:\/\/api.w.org\/{rel}","templated":true}]}}