{"id":182794,"date":"2025-01-04T10:00:17","date_gmt":"2025-01-04T13:00:17","guid":{"rendered":"https:\/\/corrientesdetarde.com\/?p=182794"},"modified":"2025-01-04T10:00:19","modified_gmt":"2025-01-04T13:00:19","slug":"anses-el-nuevo-requisito-para-acceder-y-mantener-la-asignacion-por-embarazo","status":"publish","type":"post","link":"https:\/\/corrientesdetarde.com\/index.php\/informacion-general\/anses-el-nuevo-requisito-para-acceder-y-mantener-la-asignacion-por-embarazo\/","title":{"rendered":"ANSES: el nuevo requisito para acceder y mantener la Asignaci\u00f3n por Embarazo"},"content":{"rendered":"\n<p>La diligencia deber\u00e1 realizarse ante la ANSES. Durante 180 d\u00edas desde la entrada en vigencia de la resoluci\u00f3n as embarazadas que no est\u00e9n registradas en el Programa Sumar, deber\u00e1n presentar las solicitudes de manera presencial.<\/p>\n\n\n\n<p>El gobierno de Javier Milei dispuso que un grupo de personas gestantes deber\u00e1 realizar de forma presencial ante la ANSES el tr\u00e1mite para obtener la asignaci\u00f3n por embarazo. La normativa fue firmada por el titular del organismo, Mariano de los Heros.<\/p>\n\n\n\n<p>En detalle, los cambios fueron establecidos a trav\u00e9s de la Resoluci\u00f3n 1273\/2024 oficializada hoy a trav\u00e9s de su publicaci\u00f3n en el Bolet\u00edn Oficial. La normativa engloba al Programa Sumar, que busca otorgar cobertura de salud a la poblaci\u00f3n materno-infantil sin obra social.<\/p>\n\n\n\n<p><strong>ANSES dispuso cambios en el Programa Sumar<\/strong><\/p>\n\n\n\n<p>Seg\u00fan la Resoluci\u00f3n firmada por el titular del ANSES, desde ahora las personas gestantes que formen parte del programa Sumar deber\u00e1n entregar, en forma presencial ante las oficinas de esta administraci\u00f3n nacional, los formularios para la inscripci\u00f3n o mantenimiento en el programa estatal.<\/p>\n\n\n\n<p>En detalle, la medida alcanza, en primer lugar, a aquellas personas que &#8220;se encuentre registrado como monotributista social o en el R\u00e9gimen Especial de Contrato de Trabajo para el Personal de Casas Particulares o sea trabajador que, despu\u00e9s del cese de la relaci\u00f3n laboral de trabajo, conserve la cobertura de la Obra Social por el per\u00edodo de TRES (3) meses y no se encuentre incluido en el art\u00edculo 1\u00b0 del Decreto N\u00b0 592\/16&#8221;.<\/p>\n\n\n\n<p>Por otro lado, el art\u00edculo 2\u00b0 de la Resoluci\u00f3n detalla que &#8220;se tendr\u00e1n por presentadas las solicitudes dispuestas&#8221; de aquellas personas gestantes que &#8220;hayan acreditado el estado de embarazo mediante la inscripci\u00f3n en el Programa Sumar&#8221;. Por otro lado, tambi\u00e9n se dispone que la demora que pudiera surgir en el env\u00edo de la informaci\u00f3n relativa al estado de embarazo &#8220;no resulta imputable a la persona gestante, a su c\u00f3nyuge o conviviente, pudiendo percibir la Asignaci\u00f3n por Embarazo para Protecci\u00f3n Social aun cuando se haya producido el nacimiento o la interrupci\u00f3n del embarazo&#8221;.<\/p>\n\n\n\n<p>La medida tambi\u00e9n dispone, por el plazo de 180 d\u00edas desde publicada la Resoluci\u00f3n y en aquellos casos en que ANSES no cuente con la informaci\u00f3n correspondiente a las mujeres embarazadas incriptas en el Programa Sumar, &#8220;s personas gestantes deber\u00e1n presentar, en forma presencial, ante las oficinas de este Organismo, las solicitudes mencionadas en el art\u00edculo 2\u00b0 de la presente resoluci\u00f3n&#8221;.<\/p>\n\n\n\n<p>Por \u00faltimo tambi\u00e9n se detalla que &#8220;para solicitar la Asignaci\u00f3n por Embarazo para Protecci\u00f3n Social, la persona gestante, su c\u00f3nyuge o conviviente deber\u00e1 haber acreditado, ante esta Administraci\u00f3n Nacional, el nacimiento, la defunci\u00f3n o interrupci\u00f3n del embarazo de la Asignaci\u00f3n por Embarazo para Protecci\u00f3n Social que hubiera sido solicitada con anterioridad&#8221;.<\/p>\n\n\n\n<p>ANSES: cu\u00e1ndo comienza el calendario de pagos de enero 2025<br>Con pocas horas del 2025 ya adentro, comenz\u00f3 un nuevo a\u00f1o administrativo. La Administraci\u00f3n Nacional de Seguridad Social (ANSES) abon\u00f3 todos los haberes correspondientes al mes de diciembre, y ya est\u00e1 publicado el calendario de pagos de enero, incluyendo las modificaciones por feriados y el aumento previamente programado de 2,4%.<\/p>\n\n\n\n<p>Calendario de pagos ANSES de enero 2025<br>Jubilaciones y pensiones que no superen los haberes m\u00ednimos<\/p>\n\n\n\n<p>DNI terminados en 0: 9 de enero<br>DNI terminados en 1: 10 de enero<br>DNI terminados en 2: 13 de enero<br>DNI terminados en 3: 14 de enero<br>DNI terminados en 4: 15 de enero<br>DNI terminados en 5: 16 de enero<br>DNI terminados en 6: 17 de enero<br>DNI terminados en 7: 20 de enero<br>DNI terminados en 8: 21 de enero<br>DNI terminados en 9: 22 de enero<br>Jubilaciones y pensiones que superen los haberes m\u00ednimos<\/p>\n\n\n\n<p>DNI terminados en 0 y 1: 23 de enero<br>DNI terminados en 2 y 3: 24 de enero<br>DNI terminados en 4 y 5: 27 de enero<br>DNI terminados en 6 y 7: 28 de enero<br>DNI terminados en 8 y 9: 29 de enero<br>Asignaci\u00f3n Universal por Hijo y Asignaci\u00f3n Familiar por Hijo<\/p>\n\n\n\n<p>DNI terminados en 0: 9 de enero<br>DNI terminados en 1: 10 de enero<br>DNI terminados en 2: 13 de enero<br>DNI terminados en 3: 14 de enero<br>DNI terminados en 4: 15 de enero<br>DNI terminados en 5: 16 de enero<br>DNI terminados en 6: 17 de enero<br>DNI terminados en 7: 20 de enero<br>DNI terminados en 8: 21 de enero<br>DNI terminados en 9: 22 de enero<br>Asignaci\u00f3n Universal por Embarazo<\/p>\n\n\n\n<p>DNI terminados en 0: 10 de enero<br>DNI terminados en 1: 13 de enero<br>DNI terminados en 2: 14 de enero<br>DNI terminados en 3: 15 de enero<br>DNI terminados en 4: 16 de enero<br>DNI terminados en 5: 17 de enero<br>DNI terminados en 6: 20 de enero<br>DNI terminados en 7: 21 de enero<br>DNI terminados en 8: 22 de enero<br>DNI terminados en 9: 23 de enero<br>Asignaci\u00f3n por Prenatal y Maternidad<\/p>\n\n\n\n<p>DNI terminados en 0 y 1: 13 de enero<br>DNI terminados en 2 y 3: 14 de enero<br>DNI terminados en 4 y 5: 15 de enero<br>DNI terminados en 6 y 7: 16 de enero<br>DNI terminados en 8 y 9: 17 de enero<br>Asignaciones Pago \u00danico (matrimonio, adopci\u00f3n y nacimiento)<\/p>\n\n\n\n<p>Todas las terminaciones de documento: 10 de enero al 10 de febrero<br>Pensiones No Contributivas<\/p>\n\n\n\n<p>DNI terminados en 0 y 1: 9 de enero<br>DNI terminados en 2 y 3: 10 de enero<br>DNI terminados en 4 y 5: 13 de enero<br>DNI terminados en 6 y 7: 14 de enero<br>DNI terminados en 8 y 9: 15 de enero<br>Asignaciones Familiares de Pensiones No Contributivas<\/p>\n\n\n\n<p>Todas las terminaciones de documento: 9 de enero al 10 de febrero<br>Prestaci\u00f3n por Desempleo<\/p>\n\n\n\n<p>DNI terminados en 0 y 1: 22 de enero<br>DNI terminados en 2 y 3: 23 de enero<br>DNI terminados en 4 y 5: 24 de enero<br>DNI terminados en 6 y 7: 27 de enero<br>DNI terminados en 8 y 9: 28 de enero<\/p>\n","protected":false},"excerpt":{"rendered":"<p>La diligencia deber\u00e1 realizarse ante la ANSES. Durante 180 d\u00edas desde la entrada en vigencia de la resoluci\u00f3n as embarazadas que no est\u00e9n registradas en el Programa Sumar, deber\u00e1n presentar&hellip; <\/p>\n","protected":false},"author":3,"featured_media":182808,"comment_status":"closed","ping_status":"open","sticky":false,"template":"","format":"standard","meta":{"footnotes":""},"categories":[1],"tags":[],"class_list":["post-182794","post","type-post","status-publish","format-standard","has-post-thumbnail","hentry","category-informacion-general"],"_links":{"self":[{"href":"https:\/\/corrientesdetarde.com\/index.php\/wp-json\/wp\/v2\/posts\/182794","targetHints":{"allow":["GET"]}}],"collection":[{"href":"https:\/\/corrientesdetarde.com\/index.php\/wp-json\/wp\/v2\/posts"}],"about":[{"href":"https:\/\/corrientesdetarde.com\/index.php\/wp-json\/wp\/v2\/types\/post"}],"author":[{"embeddable":true,"href":"https:\/\/corrientesdetarde.com\/index.php\/wp-json\/wp\/v2\/users\/3"}],"replies":[{"embeddable":true,"href":"https:\/\/corrientesdetarde.com\/index.php\/wp-json\/wp\/v2\/comments?post=182794"}],"version-history":[{"count":1,"href":"https:\/\/corrientesdetarde.com\/index.php\/wp-json\/wp\/v2\/posts\/182794\/revisions"}],"predecessor-version":[{"id":182841,"href":"https:\/\/corrientesdetarde.com\/index.php\/wp-json\/wp\/v2\/posts\/182794\/revisions\/182841"}],"wp:featuredmedia":[{"embeddable":true,"href":"https:\/\/corrientesdetarde.com\/index.php\/wp-json\/wp\/v2\/media\/182808"}],"wp:attachment":[{"href":"https:\/\/corrientesdetarde.com\/index.php\/wp-json\/wp\/v2\/media?parent=182794"}],"wp:term":[{"taxonomy":"category","embeddable":true,"href":"https:\/\/corrientesdetarde.com\/index.php\/wp-json\/wp\/v2\/categories?post=182794"},{"taxonomy":"post_tag","embeddable":true,"href":"https:\/\/corrientesdetarde.com\/index.php\/wp-json\/wp\/v2\/tags?post=182794"}],"curies":[{"name":"wp","href":"https:\/\/api.w.org\/{rel}","templated":true}]}}