{"id":182798,"date":"2025-01-04T10:00:13","date_gmt":"2025-01-04T13:00:13","guid":{"rendered":"https:\/\/corrientesdetarde.com\/?p=182798"},"modified":"2025-01-04T10:00:14","modified_gmt":"2025-01-04T13:00:14","slug":"conoce-el-cronograma-de-la-feria-de-emprendedores-para-este-fin-de-semana","status":"publish","type":"post","link":"https:\/\/corrientesdetarde.com\/index.php\/informacion-general\/conoce-el-cronograma-de-la-feria-de-emprendedores-para-este-fin-de-semana\/","title":{"rendered":"Conoce el cronograma de la Feria de Emprendedores para este fin de semana"},"content":{"rendered":"\n<p>Las Ferias de&nbsp; Emprendedores promovidas por el Ministerio de Desarrollo Social de la provincia se realizaran este s\u00e1bado 4 de enero en el Paseo Iber\u00e1 de 18:00 a 02:00 y el domingo 5 de enero de 18:00 a 00:00.<\/p>\n\n\n\n<p>Bajo la Coordinaci\u00f3n de la Direcci\u00f3n de Comercializaci\u00f3n cuya Directora es D\u00e9bora Galarza Alcaraz. La Expo-emprendedora se llevar\u00e1 a cabo en el Paseo Iber\u00e1, ubicado en la Bajada del Puente Gral. &nbsp;Belgrano y &nbsp;Costanera por Lavalle entre D\u00edaz de Vivar y Cerrito con la exposici\u00f3n y comercializaci\u00f3n de productos de distintos rubros.<\/p>\n\n\n\n<p>&nbsp;La gastronom\u00eda ofrecer\u00e1 en el Paseo Iber\u00e1 comidas r\u00e1pidas y &nbsp;espect\u00e1culos art\u00edsticos.<\/p>\n\n\n\n<p>Adem\u00e1s, la Multiferia &nbsp;estar\u00e1 en el Parque el Eucaliptal &nbsp;del barrio San Ger\u00f3nimo por Avenida Ra\u00fal Alfons\u00edn al 5072 con exposici\u00f3n y venta de productos elaborados por &nbsp;emprendedores y artesanos.<\/p>\n\n\n\n<p>Y en el Parque Mitre &nbsp;se llevar\u00e1 a cabo la Feria de Revendedores comercializando productos de reventa.<\/p>\n","protected":false},"excerpt":{"rendered":"<p>Las Ferias de&nbsp; Emprendedores promovidas por el Ministerio de Desarrollo Social de la provincia se realizaran este s\u00e1bado 4 de enero en el Paseo Iber\u00e1 de 18:00 a 02:00 y&hellip; <\/p>\n","protected":false},"author":3,"featured_media":182805,"comment_status":"closed","ping_status":"open","sticky":false,"template":"","format":"standard","meta":{"footnotes":""},"categories":[1],"tags":[],"class_list":["post-182798","post","type-post","status-publish","format-standard","has-post-thumbnail","hentry","category-informacion-general"],"_links":{"self":[{"href":"https:\/\/corrientesdetarde.com\/index.php\/wp-json\/wp\/v2\/posts\/182798","targetHints":{"allow":["GET"]}}],"collection":[{"href":"https:\/\/corrientesdetarde.com\/index.php\/wp-json\/wp\/v2\/posts"}],"about":[{"href":"https:\/\/corrientesdetarde.com\/index.php\/wp-json\/wp\/v2\/types\/post"}],"author":[{"embeddable":true,"href":"https:\/\/corrientesdetarde.com\/index.php\/wp-json\/wp\/v2\/users\/3"}],"replies":[{"embeddable":true,"href":"https:\/\/corrientesdetarde.com\/index.php\/wp-json\/wp\/v2\/comments?post=182798"}],"version-history":[{"count":1,"href":"https:\/\/corrientesdetarde.com\/index.php\/wp-json\/wp\/v2\/posts\/182798\/revisions"}],"predecessor-version":[{"id":182838,"href":"https:\/\/corrientesdetarde.com\/index.php\/wp-json\/wp\/v2\/posts\/182798\/revisions\/182838"}],"wp:featuredmedia":[{"embeddable":true,"href":"https:\/\/corrientesdetarde.com\/index.php\/wp-json\/wp\/v2\/media\/182805"}],"wp:attachment":[{"href":"https:\/\/corrientesdetarde.com\/index.php\/wp-json\/wp\/v2\/media?parent=182798"}],"wp:term":[{"taxonomy":"category","embeddable":true,"href":"https:\/\/corrientesdetarde.com\/index.php\/wp-json\/wp\/v2\/categories?post=182798"},{"taxonomy":"post_tag","embeddable":true,"href":"https:\/\/corrientesdetarde.com\/index.php\/wp-json\/wp\/v2\/tags?post=182798"}],"curies":[{"name":"wp","href":"https:\/\/api.w.org\/{rel}","templated":true}]}}