{"id":182802,"date":"2025-01-04T10:00:11","date_gmt":"2025-01-04T13:00:11","guid":{"rendered":"https:\/\/corrientesdetarde.com\/?p=182802"},"modified":"2025-01-05T08:57:00","modified_gmt":"2025-01-05T11:57:00","slug":"desarrollo-social-presenta-actividades-recreativas-para-los-abuelos","status":"publish","type":"post","link":"https:\/\/corrientesdetarde.com\/index.php\/informacion-general\/desarrollo-social-presenta-actividades-recreativas-para-los-abuelos\/","title":{"rendered":"Desarrollo Social presenta actividades recreativas para los abuelos"},"content":{"rendered":"\n<p>El Gobierno provincial a trav\u00e9s del Ministerio de Desarrollo Social presenta un a\u00f1o m\u00e1s junto a nuestros Adultos Mayores para llevar a cabo esta propuesta, que ofrece la oportunidad de recrearse y divertirse.<\/p>\n\n\n\n<p>La Colonia de Vacaciones para Adultos Mayores (a partir de 60 a\u00f1os) es una de las actividades pensadas en el marco de las pol\u00edticas de recreaci\u00f3n y esparcimiento y es totalmente gratuita dise\u00f1adas por el \u00c1rea de Adultos Mayores a cargo de su directora, Nelly Pintos.<\/p>\n\n\n\n<p>La colonia se desarrollar\u00e1 todos los d\u00edas viernes del mes de febrero, desde las 08.30 a 12.00 horas., brindando a los Adultos mayores &nbsp;la posibilidad de disfrutar de la pileta y de otras actividades recreativas (bailes, juegos, gimnasia &nbsp;pasiva y acu\u00e1tica) en su tiempo libre, en el Club de INVICO en el Barrio Quintana de la capital provincial.<\/p>\n","protected":false},"excerpt":{"rendered":"<p>El Gobierno provincial a trav\u00e9s del Ministerio de Desarrollo Social presenta un a\u00f1o m\u00e1s junto a nuestros Adultos Mayores para llevar a cabo esta propuesta, que ofrece la oportunidad de&hellip; <\/p>\n","protected":false},"author":3,"featured_media":182804,"comment_status":"closed","ping_status":"open","sticky":false,"template":"","format":"standard","meta":{"footnotes":""},"categories":[22,1],"tags":[],"class_list":["post-182802","post","type-post","status-publish","format-standard","has-post-thumbnail","hentry","category-eventos","category-informacion-general"],"_links":{"self":[{"href":"https:\/\/corrientesdetarde.com\/index.php\/wp-json\/wp\/v2\/posts\/182802","targetHints":{"allow":["GET"]}}],"collection":[{"href":"https:\/\/corrientesdetarde.com\/index.php\/wp-json\/wp\/v2\/posts"}],"about":[{"href":"https:\/\/corrientesdetarde.com\/index.php\/wp-json\/wp\/v2\/types\/post"}],"author":[{"embeddable":true,"href":"https:\/\/corrientesdetarde.com\/index.php\/wp-json\/wp\/v2\/users\/3"}],"replies":[{"embeddable":true,"href":"https:\/\/corrientesdetarde.com\/index.php\/wp-json\/wp\/v2\/comments?post=182802"}],"version-history":[{"count":1,"href":"https:\/\/corrientesdetarde.com\/index.php\/wp-json\/wp\/v2\/posts\/182802\/revisions"}],"predecessor-version":[{"id":182837,"href":"https:\/\/corrientesdetarde.com\/index.php\/wp-json\/wp\/v2\/posts\/182802\/revisions\/182837"}],"wp:featuredmedia":[{"embeddable":true,"href":"https:\/\/corrientesdetarde.com\/index.php\/wp-json\/wp\/v2\/media\/182804"}],"wp:attachment":[{"href":"https:\/\/corrientesdetarde.com\/index.php\/wp-json\/wp\/v2\/media?parent=182802"}],"wp:term":[{"taxonomy":"category","embeddable":true,"href":"https:\/\/corrientesdetarde.com\/index.php\/wp-json\/wp\/v2\/categories?post=182802"},{"taxonomy":"post_tag","embeddable":true,"href":"https:\/\/corrientesdetarde.com\/index.php\/wp-json\/wp\/v2\/tags?post=182802"}],"curies":[{"name":"wp","href":"https:\/\/api.w.org\/{rel}","templated":true}]}}