{"id":182819,"date":"2025-01-04T11:00:25","date_gmt":"2025-01-04T14:00:25","guid":{"rendered":"https:\/\/corrientesdetarde.com\/?p=182819"},"modified":"2025-01-04T11:00:26","modified_gmt":"2025-01-04T14:00:26","slug":"gran-hermano-no-quiso-jugar-y-la-eliminaron-del-reality","status":"publish","type":"post","link":"https:\/\/corrientesdetarde.com\/index.php\/espectaculos\/gran-hermano-no-quiso-jugar-y-la-eliminaron-del-reality\/","title":{"rendered":"Gran Hermano: no quiso jugar y la eliminaron del reality"},"content":{"rendered":"\n<p>A d\u00edas de enfrentar la primera gala de eliminaci\u00f3n del a\u00f1o, la casa se vio sacudida por la decisi\u00f3n del Big. Las causas que llevaron a uno de los competidores a aprovechar esta situaci\u00f3n.<\/p>\n\n\n\n<p>A un mes del inicio de Gran Hermano (Telefe), los participantes se preparan para afrontar la primera gala de eliminaci\u00f3n del a\u00f1o. En ese contexto, Giuliano Vaschetto, el l\u00edder de la semana, deb\u00eda subir y bajar de placa a uno de sus compa\u00f1eros. Sin embargo, entre nuevas estrategias y alianzas, el juego dio un llamativo giro cuando dos jugadores fueron eliminados del certamen por decisi\u00f3n del Big. Desde l\u00e1grimas de tristeza a deseos de revancha, la casa se vio sacudida por este rotundo cambio.<\/p>\n\n\n\n<p>Al iniciar el programa, Santiago del Moro comunic\u00f3 la decisi\u00f3n de Gran Hermano. Al destacar que esta salida se ve\u00eda venir tarde o temprano, el conductor detall\u00f3 el sufrimiento que atraviesa Keila Sosa, quien extra\u00f1a a su familia: &#8220;Hoy pas\u00f3 lo que se sab\u00eda que tarde o temprano iba a pasar. El reality no puede tener a alguien que no quiere jugar&#8221;. Horas antes de su expulsi\u00f3n de la casa de Gran Hermano, Keila, la participante oriunda de Tigre, expres\u00f3 su malestar emocional ante la dificultad de estar lejos de su familia. &#8220;Yo no soy esto&#8221;, declar\u00f3 entre l\u00e1grimas, mientras reconoc\u00eda sentirse atrapada por momentos de mal humor provocados por la nostalgia y la imposibilidad de distraerse como lo hac\u00eda al inicio de su estad\u00eda. La jugadora tambi\u00e9n confes\u00f3 sentirse en deuda consigo misma y con quienes la eligieron en el casting: &#8220;Siento que me estoy fallando a m\u00ed misma, a quienes me eligieron y a las miles de personas que se presentaron para entrar al reality&#8221;.<\/p>\n\n\n\n<p>Este estado de angustia la llev\u00f3 a describir su experiencia en la casa como un desaf\u00edo casi inalcanzable. &#8220;Me siento encerrada. Me ahogo y no estoy bien. Quiero ver a mi hermanito, a mi abuela, quiero ver a todos. No s\u00e9 qu\u00e9 hacer. No puedo conmigo, necesito ver a mi familia y estoy desesperada&#8221;, expres\u00f3, visiblemente afectada por la situaci\u00f3n.<\/p>\n\n\n\n<p>Ante este contexto, Gran Hermano anunci\u00f3 su decisi\u00f3n: &#8220;Ya hablamos no hace muchos d\u00edas atr\u00e1s sobre tus reiteradas quejas con respecto a m\u00e1s de una cuesti\u00f3n que espero que hayan sido aclaradas. Me comentaste que sos consciente de esta situaci\u00f3n y que dorm\u00eds m\u00e1s de lo que te gustar\u00eda o que no te sent\u00eds a gusto con la estad\u00eda&#8221;. Luego, el Big resalt\u00f3 el valor de esta experiencia y el compromiso que cada participante hab\u00eda asumido al entrar al reality: &#8220;Ustedes fueron elegidos para afrontarla y vivirla con gratitud y alegr\u00eda. Me duele que no todos hayan comprendido el significado de esta aventura, el esfuerzo que conlleva o que hayan puesto en duda la transparencia del certamen&#8221;, dijo, apuntando directamente a la falta de adaptaci\u00f3n de Keila.<\/p>\n","protected":false},"excerpt":{"rendered":"<p>A d\u00edas de enfrentar la primera gala de eliminaci\u00f3n del a\u00f1o, la casa se vio sacudida por la decisi\u00f3n del Big. Las causas que llevaron a uno de los competidores&hellip; <\/p>\n","protected":false},"author":3,"featured_media":182832,"comment_status":"closed","ping_status":"open","sticky":false,"template":"","format":"standard","meta":{"footnotes":""},"categories":[19],"tags":[],"class_list":["post-182819","post","type-post","status-publish","format-standard","has-post-thumbnail","hentry","category-espectaculos"],"_links":{"self":[{"href":"https:\/\/corrientesdetarde.com\/index.php\/wp-json\/wp\/v2\/posts\/182819","targetHints":{"allow":["GET"]}}],"collection":[{"href":"https:\/\/corrientesdetarde.com\/index.php\/wp-json\/wp\/v2\/posts"}],"about":[{"href":"https:\/\/corrientesdetarde.com\/index.php\/wp-json\/wp\/v2\/types\/post"}],"author":[{"embeddable":true,"href":"https:\/\/corrientesdetarde.com\/index.php\/wp-json\/wp\/v2\/users\/3"}],"replies":[{"embeddable":true,"href":"https:\/\/corrientesdetarde.com\/index.php\/wp-json\/wp\/v2\/comments?post=182819"}],"version-history":[{"count":1,"href":"https:\/\/corrientesdetarde.com\/index.php\/wp-json\/wp\/v2\/posts\/182819\/revisions"}],"predecessor-version":[{"id":182854,"href":"https:\/\/corrientesdetarde.com\/index.php\/wp-json\/wp\/v2\/posts\/182819\/revisions\/182854"}],"wp:featuredmedia":[{"embeddable":true,"href":"https:\/\/corrientesdetarde.com\/index.php\/wp-json\/wp\/v2\/media\/182832"}],"wp:attachment":[{"href":"https:\/\/corrientesdetarde.com\/index.php\/wp-json\/wp\/v2\/media?parent=182819"}],"wp:term":[{"taxonomy":"category","embeddable":true,"href":"https:\/\/corrientesdetarde.com\/index.php\/wp-json\/wp\/v2\/categories?post=182819"},{"taxonomy":"post_tag","embeddable":true,"href":"https:\/\/corrientesdetarde.com\/index.php\/wp-json\/wp\/v2\/tags?post=182819"}],"curies":[{"name":"wp","href":"https:\/\/api.w.org\/{rel}","templated":true}]}}