{"id":182821,"date":"2025-01-04T11:00:22","date_gmt":"2025-01-04T14:00:22","guid":{"rendered":"https:\/\/corrientesdetarde.com\/?p=182821"},"modified":"2025-01-05T08:57:14","modified_gmt":"2025-01-05T11:57:14","slug":"varios-argentinos-con-ilusiones","status":"publish","type":"post","link":"https:\/\/corrientesdetarde.com\/index.php\/informacion-general\/varios-argentinos-con-ilusiones\/","title":{"rendered":"Varios argentinos con ilusiones"},"content":{"rendered":"\n<p>La edici\u00f3n del Rally Dakar 2025 se pondr\u00e1 en marcha este viernes, con seis categor\u00edas y varios argentinos que intentar\u00e1n dar pelea. En el primer d\u00eda de actividad se realizar\u00e1 la etapa llamada &#8220;Pr\u00f3logo&#8221;, en la que los participantes deber\u00e1n recorrer un total de 79 kil\u00f3metros.<\/p>\n\n\n\n<p>La acci\u00f3n fuerte comenzar\u00e1 el s\u00e1bado, cuando se lleve a cabo la etapa 1, que consta de 499 kil\u00f3metros. El recorrido de esta edici\u00f3n constar\u00e1 de 12 etapas que se disputar\u00e1n hasta el 17 de enero, con un recorrido total de 7.700 kil\u00f3metros, aunque se cronometrar\u00e1n 5.100 de ellos.<\/p>\n\n\n\n<p>Entre pilotos y navegantes habr\u00e1 807 competidores repartidos en 439 veh\u00edculos para las seis categor\u00edas: motos, autos, camiones, challenger, SSV y stock.<\/p>\n\n\n\n<p>La mayor ilusi\u00f3n para los representantes argentinos est\u00e1 en la categor\u00eda de motos, donde los m\u00e1ximos exponentes son los hermanos Kevin y Luciano Benavides, ambos de KTM, que buscar\u00e1n destronar a estadounidense Ricky Brabec. El primero de ellos incluso ya sabe lo que es liderar la clasificaci\u00f3n general, ya que se qued\u00f3 con la primera posici\u00f3n en 2021 y 2023.<\/p>\n\n\n\n<p>En lo que respecta a autos, el \u00fanico argentino ser\u00e1 Juan Cruz Yacopini, que correr\u00e1 con una Toyota Hilux. Esta categor\u00eda tiene como principales candidatos al pr\u00edncipe qatar\u00ed Nasser Al-Attiyah (Dacia), al franc\u00e9s y nueve veces campe\u00f3n de World Rally Championship S\u00e9bastien Loeb (tambi\u00e9n con Dacia) y al espa\u00f1ol Carlos Sainz (Ford).<\/p>\n\n\n\n<p>Y en la categor\u00eda Challenger, en la que compiten los prototipos de UTV o veh\u00edculos areneros, estar\u00e1 el matrimonio cordob\u00e9s de Nicol\u00e1s Cavigliasso y Valentina Pertegarini.<\/p>\n","protected":false},"excerpt":{"rendered":"<p>La edici\u00f3n del Rally Dakar 2025 se pondr\u00e1 en marcha este viernes, con seis categor\u00edas y varios argentinos que intentar\u00e1n dar pelea. En el primer d\u00eda de actividad se realizar\u00e1&hellip; <\/p>\n","protected":false},"author":3,"featured_media":182831,"comment_status":"closed","ping_status":"open","sticky":false,"template":"","format":"standard","meta":{"footnotes":""},"categories":[22,1],"tags":[],"class_list":["post-182821","post","type-post","status-publish","format-standard","has-post-thumbnail","hentry","category-eventos","category-informacion-general"],"_links":{"self":[{"href":"https:\/\/corrientesdetarde.com\/index.php\/wp-json\/wp\/v2\/posts\/182821","targetHints":{"allow":["GET"]}}],"collection":[{"href":"https:\/\/corrientesdetarde.com\/index.php\/wp-json\/wp\/v2\/posts"}],"about":[{"href":"https:\/\/corrientesdetarde.com\/index.php\/wp-json\/wp\/v2\/types\/post"}],"author":[{"embeddable":true,"href":"https:\/\/corrientesdetarde.com\/index.php\/wp-json\/wp\/v2\/users\/3"}],"replies":[{"embeddable":true,"href":"https:\/\/corrientesdetarde.com\/index.php\/wp-json\/wp\/v2\/comments?post=182821"}],"version-history":[{"count":1,"href":"https:\/\/corrientesdetarde.com\/index.php\/wp-json\/wp\/v2\/posts\/182821\/revisions"}],"predecessor-version":[{"id":182853,"href":"https:\/\/corrientesdetarde.com\/index.php\/wp-json\/wp\/v2\/posts\/182821\/revisions\/182853"}],"wp:featuredmedia":[{"embeddable":true,"href":"https:\/\/corrientesdetarde.com\/index.php\/wp-json\/wp\/v2\/media\/182831"}],"wp:attachment":[{"href":"https:\/\/corrientesdetarde.com\/index.php\/wp-json\/wp\/v2\/media?parent=182821"}],"wp:term":[{"taxonomy":"category","embeddable":true,"href":"https:\/\/corrientesdetarde.com\/index.php\/wp-json\/wp\/v2\/categories?post=182821"},{"taxonomy":"post_tag","embeddable":true,"href":"https:\/\/corrientesdetarde.com\/index.php\/wp-json\/wp\/v2\/tags?post=182821"}],"curies":[{"name":"wp","href":"https:\/\/api.w.org\/{rel}","templated":true}]}}