{"id":182823,"date":"2025-01-04T11:00:20","date_gmt":"2025-01-04T14:00:20","guid":{"rendered":"https:\/\/corrientesdetarde.com\/?p=182823"},"modified":"2025-01-04T11:00:21","modified_gmt":"2025-01-04T14:00:21","slug":"quien-es-julio-moura-el-guitarrista-de-virus-que-es-investigado-por-la-muerte-de-su-pareja","status":"publish","type":"post","link":"https:\/\/corrientesdetarde.com\/index.php\/policiales\/quien-es-julio-moura-el-guitarrista-de-virus-que-es-investigado-por-la-muerte-de-su-pareja\/","title":{"rendered":"Qui\u00e9n es Julio Moura, el guitarrista de Virus que es investigado por la muerte de su pareja"},"content":{"rendered":"\n<p>El acusado declar\u00f3 y dijo que el fallecimiento de su mujer fue durante una pr\u00e1ctica sexual sadomasoquista.<\/p>\n\n\n\n<p>Julio Moura, el guitarrista de la banda Virus, es investigado por la muerte de su pareja Gloria Andrea Rojas Murillo en La Plata luego de una pr\u00e1ctica sexual sadomasoquista. Su perfil como m\u00fasico y apasionado por el rock nacional.<\/p>\n\n\n\n<p>La banda, que al principio estuvo &nbsp;integrada por Federico Moura, Julio Moura, Marcelo Moura, Mario Serra, Enrique Mugetti, Ricardo Serra y Roberto Jacoby, edit\u00f3 su primer disco en 1981 y durante los siguientes a\u00f1os publicaron nueve \u00e1lbumes.<\/p>\n\n\n\n<p>En diciembre de 1988 Federico, quien puso voz a la banda de rock, falleci\u00f3 debido a insuficiencia cardiorrespiratoria en su departamento del barrio de San Telmo.<\/p>\n\n\n\n<p>Ante esta triste noticia, se decidi\u00f3 que Marcelo Moura sea el cantante, pese que en los pr\u00f3ximos a\u00f1os la banda tuvo varias rupturas, aunque s\u00ed celebraron sus aniversarios.<\/p>\n\n\n\n<p>En 2018, Julio Moura lanz\u00f3 su primer trabajo solista. El \u00e1lbum, llamado Enigma 4, contiene diez canciones de su autor\u00eda, y en ellos repasa todas las influencias y estilos musicales que despleg\u00f3 a lo largo de su prol\u00edfera carrera.<\/p>\n\n\n\n<p>&#8220;En los 80, con Federico, siempre hablamos de que cada uno ten\u00eda que hacer su disco. No con la idea de separar la banda, sino porque ten\u00edamos distintos estilos y estaba bueno que cada uno pudiera extenderse en ese sentido. Pero despu\u00e9s Virus implic\u00f3 tantas cosas, que nunca lo pudimos hacer. Incluso despu\u00e9s de la muerte de Federico, sentimos la necesidad de mostrar todo eso que hab\u00edamos hecho&#8221;, cont\u00f3 Julio<\/p>\n","protected":false},"excerpt":{"rendered":"<p>El acusado declar\u00f3 y dijo que el fallecimiento de su mujer fue durante una pr\u00e1ctica sexual sadomasoquista. Julio Moura, el guitarrista de la banda Virus, es investigado por la muerte&hellip; <\/p>\n","protected":false},"author":3,"featured_media":182829,"comment_status":"closed","ping_status":"open","sticky":false,"template":"","format":"standard","meta":{"footnotes":""},"categories":[33],"tags":[],"class_list":["post-182823","post","type-post","status-publish","format-standard","has-post-thumbnail","hentry","category-policiales"],"_links":{"self":[{"href":"https:\/\/corrientesdetarde.com\/index.php\/wp-json\/wp\/v2\/posts\/182823","targetHints":{"allow":["GET"]}}],"collection":[{"href":"https:\/\/corrientesdetarde.com\/index.php\/wp-json\/wp\/v2\/posts"}],"about":[{"href":"https:\/\/corrientesdetarde.com\/index.php\/wp-json\/wp\/v2\/types\/post"}],"author":[{"embeddable":true,"href":"https:\/\/corrientesdetarde.com\/index.php\/wp-json\/wp\/v2\/users\/3"}],"replies":[{"embeddable":true,"href":"https:\/\/corrientesdetarde.com\/index.php\/wp-json\/wp\/v2\/comments?post=182823"}],"version-history":[{"count":1,"href":"https:\/\/corrientesdetarde.com\/index.php\/wp-json\/wp\/v2\/posts\/182823\/revisions"}],"predecessor-version":[{"id":182850,"href":"https:\/\/corrientesdetarde.com\/index.php\/wp-json\/wp\/v2\/posts\/182823\/revisions\/182850"}],"wp:featuredmedia":[{"embeddable":true,"href":"https:\/\/corrientesdetarde.com\/index.php\/wp-json\/wp\/v2\/media\/182829"}],"wp:attachment":[{"href":"https:\/\/corrientesdetarde.com\/index.php\/wp-json\/wp\/v2\/media?parent=182823"}],"wp:term":[{"taxonomy":"category","embeddable":true,"href":"https:\/\/corrientesdetarde.com\/index.php\/wp-json\/wp\/v2\/categories?post=182823"},{"taxonomy":"post_tag","embeddable":true,"href":"https:\/\/corrientesdetarde.com\/index.php\/wp-json\/wp\/v2\/tags?post=182823"}],"curies":[{"name":"wp","href":"https:\/\/api.w.org\/{rel}","templated":true}]}}