{"id":182843,"date":"2025-01-04T10:39:28","date_gmt":"2025-01-04T13:39:28","guid":{"rendered":"https:\/\/corrientesdetarde.com\/?p=182843"},"modified":"2025-01-04T10:39:34","modified_gmt":"2025-01-04T13:39:34","slug":"mariano-acosta-para-mejorar-lo-que-hoy-tenemos-en-moda-y-belleza-hay-que-armar-un-equipo-de-gente-talentosa","status":"publish","type":"post","link":"https:\/\/corrientesdetarde.com\/index.php\/eventossociedad\/mariano-acosta-para-mejorar-lo-que-hoy-tenemos-en-moda-y-belleza-hay-que-armar-un-equipo-de-gente-talentosa\/","title":{"rendered":"MARIANO ACOSTA: \u201cPARA MEJORAR LO QUE HOY TENEMOS EN MODA Y BELLEZA, HAY QUE ARMAR UN EQUIPO DE GENTE TALENTOSA\u201d"},"content":{"rendered":"\n<p>El a\u00f1o pasado, el \u201cInfantino\u201d del beauty, visit\u00f3 nuestro pa\u00eds y realiz\u00f3 un informe lapidario: lo calific\u00f3 como \u201cuno de los peores del mundo\u201d. Para poder cambiar esta realidad y que Argentina recupere parte de la gloria perdida, eligi\u00f3 a un empresario con casi 40 a\u00f1os en el rubro de la moda y la belleza. \u00bfLa idea final? Conseguir algo parecido a lo que sucede a nivel pa\u00eds: una transformaci\u00f3n que termine con d\u00e9cadas de corrupci\u00f3n y desidia.<\/p>\n\n\n\n<p>Encabeza la renovaci\u00f3n. Referente de la industria de la belleza, con casi 40 a\u00f1os en el mercado, es cofundador de la cadena Paulino Acosta.<br>En el mes de mayo, para el mundo de la moda y de la belleza Argentina, sucedi\u00f3 un hecho sin precedentes: por primera vez en la historia Antonio Bilancio, presidente de la Confederaci\u00f3n Mundial de la Coiffure (en el f\u00fatbol ser\u00eda el Gianni Infantino de la FIFA); visit\u00f3 nuestro pa\u00eds. En el marco del Congreso Sudamericano que reuni\u00f3 a representantes locales y de Brasil, Chile, Paraguay, Uruguay, Per\u00fa; la m\u00e1xima autoridad de la CMC World, aprovech\u00f3 el viaje y realiz\u00f3 un relevamiento para ver en que estaban las asociaciones vinculadas con el mundo del beauty.<\/p>\n\n\n\n<p>El primer lugar que visit\u00f3 fue la Confederaci\u00f3n de Arte y T\u00e9cnica (CAT, nuestra AFA); y cuando sali\u00f3, no pod\u00eda creer lo que encontr\u00f3. Fue recibido por su presidente, quien no dud\u00f3 en mostrar la decadencia de los \u00faltimos a\u00f1os. Un ejemplo, que hasta suena chistoso: la \u00faltima anotaci\u00f3n que figuraba en el libro de actas era de\u2026. \u00a11977! Adem\u00e1s, no contaba con designaciones actualizadas en INAES\/IGJ, no hab\u00eda balances actualizados, un sin fin de irregularidades. Al principio, Bilancio pens\u00f3 que se trataba de una broma criolla. Pero cuando se dio cuenta que la cosa iba en serio, que el lugar cuenta con 10 filiados y que ni siquiera tiene constancia de CUIT activa, decidi\u00f3 cortar por lo sano y proponer un cambio dr\u00e1stico y vertical.<\/p>\n\n\n\n<p>Tocado por la varita. En el mes de mayo del a\u00f1o pasado, Antonio Bilancio, presidente de la Confederaci\u00f3n Mundial de la Coiffure, lo nombr\u00f3 como presidente de la C.M.C. Am\u00e9rica. Junto a ellos, el vicepresidente mundial Rino Farano.<br>Nombr\u00f3 a Mariano Acosta como presidente de la C.M.C. Am\u00e9rica (siguiendo con las analog\u00edas futboleras, una especie de CONMEBOL); y le inform\u00f3 a la CAT que a partir de ahora, todas las filiales de Sudam\u00e9rica deb\u00edan \u201creportarse a la C.M.C\u201d. El desastre que encontr\u00f3 en Argentina encendi\u00f3 todas las alarmas en el continente y decidi\u00f3, seg\u00fan sus propias palabras, \u00abponerle fin a d\u00e9cadas de decadencia y corrupci\u00f3n\u00bb.<\/p>\n\n\n\n<p>\u00bfPor qu\u00e9 Mariano Acosta fue el elegido? Pergaminos no le faltan. Cofundador de la cadena Paulino Acosta, en su recorrido como profesional desarroll\u00f3 una experta mirada del mercado, y logr\u00f3 transformar a su negocio (que cuenta con m\u00e1s de 60 locales), en la mayor cadena de franquicias de Latinoam\u00e9rica. Por su capacidad e innovaci\u00f3n, form\u00f3 parte de grandes empresas como: Label.m, Unilever, Godrej Group y Unibell. Actualmente es el CEO y Founder de K\u00fcsta Barber Truck, la primera barber\u00eda sobre ruedas del mundo. Lidera un equipo de m\u00e1s de 200 profesionales que brindan servicios de barber\u00eda y peluquer\u00eda.<\/p>\n\n\n\n<p>Alumno y maestro. Mariano y Roberto Vernucci se conocen desde hace m\u00e1s de 25 a\u00f1os, cuando Acosta le pidi\u00f3 que lo prepare para los Mundiales de Las Vegas y Milano en 2002.<br>Pero los cambios y las grandes transformaciones, nunca son sencillas. Adem\u00e1s del CAT, la otra instituci\u00f3n que no cumple ninguna funci\u00f3n \u00fatil y se queda con parte de la plata de trabajadores y empresarios, es FeNTPEA, el sindicato que re\u00fane a los trabajadores de peluquer\u00eda, est\u00e9tica y afines. Conducido por Mar\u00eda Ang\u00e9lica Aranda, cuenta con una de las peores obras sociales del pa\u00eds, en su p\u00e1gina www.fentpea.org.ar (entre otras cosas), no ofrece convenio alguno para vacacionar, y el \u00faltimo curso gratuito que brindaron para capacitar a sus afiliados\u2026 \u00a1tiene m\u00e1s de veinte a\u00f1os! \u201cCuando cont\u00e1s estas cosas, creen que est\u00e1s haciendo un chiste. Pero cuando te das cuenta que es verdad, te dan ganas de ponerte a llorar\u201d, confiesa Mariano Acosta, en su primera entrevista a fondo como presidente de la C.M.C. Am\u00e9rica.<\/p>\n\n\n\n<p>-En 2024, el uno del mundo del tema belleza visit\u00f3 Argentina por primera vez. \u00bfQu\u00e9 le dijo?<\/p>\n\n\n\n<p>-Se quer\u00eda morir\u2026 Estaba acompa\u00f1ado por Rino Farano, presidente de CAT Brasil y vicepresidente mundial, con quien nos conocemos hace a\u00f1os porque compartimos varios mundiales juntos, y tenemos una hermosa amistad. Y cuando decidieron venir a la Argentina, me sent\u00ed orgulloso. Despu\u00e9s claro, me dio mucha verg\u00fcenza\u2026<\/p>\n\n\n\n<p>-\u00bfQu\u00e9 fue lo que m\u00e1s lo sorprendi\u00f3?<\/p>\n\n\n\n<p>-Todo. Para que tengas idea, la CAT es una instituci\u00f3n que tiene cede en varios pa\u00edses del mundo. Y en todos, cuentan con un prestigio intachable. Ac\u00e1 tiene menos afiliados que un club de barrio y si te queres anotar, no te pueden hacer una factura porque el CUIT no est\u00e1 activo\u2026 \u00a1hasta adeudan la cuota anual de afiliaci\u00f3n a la CMC Mundial! Lo incre\u00edble es que ellos son una de las asociaciones que firman las Paritarias del Convenio Colectivo de Trabajo.<\/p>\n\n\n\n<p>-No representan a nadie pero tienen decisi\u00f3n sobre los sueldos de miles de trabajadores. \u00bfEs as\u00ed?<\/p>\n\n\n\n<p>-Tal cual lo est\u00e1s diciendo. Los tipos tienen 10 afiliados, huelen a naftalina, pero tienen poder de decidir cu\u00e1nta plata gana un peluquero, un barbero, una colorista, una manicura, una maquilladora, o una lashista. En total son 4 o 5 las asociaciones que firman, pero en realidad funcionan como una escriban\u00eda: cada seis meses ponen el sello y el gancho, y se llevan un paquete de guita del sindicato.<\/p>\n\n\n\n<p>-\u00bfSe reuni\u00f3 con el presidente de CAT Argentina para intentar cambiar algo?<\/p>\n\n\n\n<p>-S\u00ed, lo fui a ver con varias personas. Como dir\u00eda Carlos Bilardo, \u201csiempre hay que tener dos testigos en las reuniones\u201d (risas). Nos acercamos junto a un grupo de 4 personas y para arrancar, le presentamos una propuesta de trabajo con 10 puntos.<\/p>\n\n\n\n<p>-\u00bfQu\u00e9 pas\u00f3?<\/p>\n\n\n\n<p>-No nos dio pelota. Nos recibi\u00f3, nos escuch\u00f3, pero nos dijo que \u201cle interesaba poco lo que pudiera decir la Confederaci\u00f3n Mundial porque ellos viven en Europa\u201d. Ah\u00ed entend\u00ed porque la instituci\u00f3n est\u00e1 viciada de irregularidades\u2026<\/p>\n\n\n\n<p>-\u00bfQu\u00e9 hizo?<\/p>\n\n\n\n<p>\u2013Lo llam\u00e9 a Roberto Vernucci y le ofrec\u00ed la vicepresidencia de la C.M.C. Am\u00e9rica. Si quiero cambiar esta historia, tengo que armar un gran equipo, con gente talentosa y de confianza.<\/p>\n\n\n\n<p>En buenas manos. Luego de ser ungido como Presidente, llam\u00f3 a Vernucci y le ofreci\u00f3 la vicepresidencia: \u201cSi Roberto no es el mejor peluquero de Am\u00e9rica, anda cerca\u201d, asegura Mariano.<br>\u2013\u00bfPor qu\u00e9 eligi\u00f3 a Roberto Vernucci como su vicepresidente?<\/p>\n\n\n\n<p>-Por varios motivos. El primero, el m\u00e1s importante de todos, es un hombre honesto, sin manchas. Despu\u00e9s, si no es el mejor peluquero de Am\u00e9rica, anda cerca. Tiene 40 a\u00f1os con la moda, fue el estilista de decenas de famosos, y este a\u00f1o, el 20 de enero, cumple 17 a\u00f1os ininterrumpidos con sus desfiles en Carlos Paz.<\/p>\n\n\n\n<p>-Un referente en el rubro\u2026<\/p>\n\n\n\n<p>-Exacto, eso es lo que Roberto es para m\u00ed. Despu\u00e9s de sus participaciones en los Mundiales de Washington 96\u00b4, Korea 98\u00b4, y Berl\u00edn 2000; se retir\u00f3 siendo el diez del mundo. Ah\u00ed le propuse que sea mi entrenador. Y juntos, fuimos parte de aquella selecci\u00f3n que compiti\u00f3 en Las Vegas y en Milano 2002, y que consigui\u00f3 el s\u00e9ptimo puesto, uno de los mejores de la historia de un equipo argentino.<\/p>\n\n\n\n<p>-\u00bfPor qu\u00e9 nunca m\u00e1s se consiguieron esos resultados?<\/p>\n\n\n\n<p>-Por todo esto que venimos hablando. Si viene el Presidente de la Confederaci\u00f3n Mundial y se agarra la cabeza, quiere decir algo. Existen 4 o 5 asociaciones que son las que firman las paritarias, pero que no dan un curso de capacitaci\u00f3n en todo el a\u00f1o\u2026 Hace unos meses puse un aviso pidiendo profesionales para una de mis barber\u00edas y el 80 por ciento de las personas que vinieron se hab\u00edan recibido haciendo un curso de tres meses por YouTube, y no ten\u00edan ning\u00fan diploma.<\/p>\n\n\n\n<p>-\u00bfC\u00f3mo se cambia esto?<\/p>\n\n\n\n<p>-Hay que refundar todo. Sentarse en serio con las asociaciones, los profesionales, y hasta te dir\u00eda con los consumidores para poder tomar consciencia y visibilizar esta realidad. En s\u00edntesis: ponerse a laburar. Pero tenemos que estar todos juntos: los due\u00f1os de los negocios, los empleados, los proveedores de insumos, y tambi\u00e9n el estado. Vamos a revolucionar el mundo de la belleza y necesitamos hasta la ayuda de Javier Milei.<\/p>\n\n\n\n<p>-\u00bfPor qu\u00e9 Milei o el Estado, que tienen que ver?<\/p>\n\n\n\n<p>-En un pa\u00eds que lleva a\u00f1os de recesi\u00f3n -y de todo lo que te cont\u00e9-, esta industria creci\u00f3 m\u00e1s del 20 por ciento. \u00bfTe imaginas lo que podr\u00edamos lograr si hubi\u00e9ramos hecho las cosas bien? Eso se traslada a m\u00e1s negocios que abren sus puertas, nuevos empleados, reactivaci\u00f3n de la industria: \u00bfc\u00f3mo no le va a interesar al Estado qu\u00e9 esto funcione bien? Despu\u00e9s, esta transformaci\u00f3n requiere de un espacio pol\u00edtico que nos permita desde el principio de la libertad, abordar una problem\u00e1tica compleja sin miramientos, sin coimas, sin arreglos.<\/p>\n\n\n\n<p>-\u00bfQu\u00e9 se podr\u00eda mejorar?<\/p>\n\n\n\n<p>-Para empezar, el Convenio Colectivo de trabajo que qued\u00f3 tan obsoleto que hoy nadie lo cumple. Si quer\u00e9s, podes abrirte una peluquer\u00eda o una barber\u00eda y nadie te exige un t\u00edtulo. Por ah\u00ed sos autodidacta y bienvenido, podes ser el mejor peluquero del pa\u00eds, la mejor manicura, esteticista, o profesional del mundo de beauty. Ahora: \u00bfqui\u00e9n protege a los due\u00f1os o a los clientes si esa persona se equivoca, si un producto est\u00e1 mal, si se genera un problema grave? Hoy, nadie. Y esto es un riesgo, para todos.<\/p>\n\n\n\n<p>-\u00bfD\u00f3nde est\u00e1n nucleados los due\u00f1os de los salones o de las cadenas?<\/p>\n\n\n\n<p>-Nos representa la Federaci\u00f3n Argentina de Peinadores y Afines (FAPYA). Tambi\u00e9n estuve reunido con su Presiente. Ac\u00e1 te doy otro ejemplo de c\u00f3mo todo funciona mal. El tipo tiene entre 800 y 900 mil afiliados pero no le dan acceso al padr\u00f3n. \u00c9l es uno de los que decidi\u00f3 no firmar las paritarias hasta que no tengamos resoluciones serias.<\/p>\n\n\n\n<p>Con los tapones de punta. \u201cA nosotros nos apoyan todos los que no est\u00e1n prendidos en curros o en negocios turbios. En nuestro rubro, la mayor\u00eda pide a gritos un cambio urgente\u201d<br>-\u00bfCon FeNTPEA, el sindicato que re\u00fane a los trabajadores de peluquer\u00eda, la cosa es bastante parecida al resto de las asociaciones?<\/p>\n\n\n\n<p>-Igual, no existe, es una verg\u00fcenza como manejan todo. Entr\u00e1 a su p\u00e1gina de Internet y te vas a dar cuenta: no hay nada que le pueda interesar al afiliado. \u00a1Y tienen una obra social que es de cuarta! Hace unos a\u00f1os una empleada se enferm\u00f3 y se ten\u00eda que operar. Hizo todos los tr\u00e1mites y no le cubr\u00edan nada. Si fuera por ellos, se hubiera muerto\u2026<\/p>\n\n\n\n<p>-Dentro del mundo de los estilistas y de la belleza: \u00bftienen apoyo?<\/p>\n\n\n\n<p>-S\u00ed, nos apoyan todos los que no est\u00e1n prendidos en curros o en negocios turbios. En nuestro rubro, la mayor\u00eda pide a gritos un cambio urgente. Hace unas semanas me vino a ver Norma Cavallini quien representa a una asociaci\u00f3n civil que nuclea a manicuras, t\u00e9cnicas de u\u00f1as y est\u00e9tica. Una mujer muy talentosa que voy a sumar a mi equipo.<\/p>\n\n\n\n<p>-Para terminar: \u00bfqu\u00e9 lleva a un empresario como usted a calzarse la pilcha de Superh\u00e9roe y salir a dar batalla?<\/p>\n\n\n\n<p>-Primero, no me creo ning\u00fan Superh\u00e9roe, eso d\u00e9jalo para Marvel o DC. Mi compromiso por este rubro es por tres cosas: verg\u00fcenza, indignaci\u00f3n, y compromiso.<\/p>\n\n\n\n<p>-\u00bfPor qu\u00e9 esas palabras?<\/p>\n\n\n\n<p>-Verg\u00fcenza, porque me duele que venga el Presidente de la Confederaci\u00f3n Mundial y nos diga lo que todos sabemos: que nuestra CAT, nuestra AFA, es una de las peores del mundo.<\/p>\n\n\n\n<p>-\u00bfQu\u00e9 lo indigna?<\/p>\n\n\n\n<p>-Lo que le pas\u00f3 a mi empleada, de no haber sido por todos los que la queremos y pudimos juntar los veinte mil d\u00f3lares que necesitaba para su operaci\u00f3n, se hubiese muerto. Ah\u00ed, la pregunta que me hago es: \u00bfcu\u00e1ntas mujeres y hombres no llegan a juntar el dinero para operarse?<\/p>\n\n\n\n<p>-\u00bfCon qui\u00e9n es su compromiso?<\/p>\n\n\n\n<p>-Con todos los que tengan ganas de formar parte de esta familia. Yo soy un empresario que por suerte me fue muy bien y estoy hecho. En agradecimiento a todo lo que me dio el mundo de la moda y la belleza, quiero aportar mi granito de arena. Si los argentinos nos unimos y nos comprometemos, podemos volver a ser los mejores del mundo.<\/p>\n","protected":false},"excerpt":{"rendered":"<p>El a\u00f1o pasado, el \u201cInfantino\u201d del beauty, visit\u00f3 nuestro pa\u00eds y realiz\u00f3 un informe lapidario: lo calific\u00f3 como \u201cuno de los peores del mundo\u201d. Para poder cambiar esta realidad y&hellip; <\/p>\n","protected":false},"author":11,"featured_media":182844,"comment_status":"closed","ping_status":"open","sticky":false,"template":"","format":"standard","meta":{"footnotes":""},"categories":[1208],"tags":[],"class_list":["post-182843","post","type-post","status-publish","format-standard","has-post-thumbnail","hentry","category-eventossociedad"],"_links":{"self":[{"href":"https:\/\/corrientesdetarde.com\/index.php\/wp-json\/wp\/v2\/posts\/182843","targetHints":{"allow":["GET"]}}],"collection":[{"href":"https:\/\/corrientesdetarde.com\/index.php\/wp-json\/wp\/v2\/posts"}],"about":[{"href":"https:\/\/corrientesdetarde.com\/index.php\/wp-json\/wp\/v2\/types\/post"}],"author":[{"embeddable":true,"href":"https:\/\/corrientesdetarde.com\/index.php\/wp-json\/wp\/v2\/users\/11"}],"replies":[{"embeddable":true,"href":"https:\/\/corrientesdetarde.com\/index.php\/wp-json\/wp\/v2\/comments?post=182843"}],"version-history":[{"count":1,"href":"https:\/\/corrientesdetarde.com\/index.php\/wp-json\/wp\/v2\/posts\/182843\/revisions"}],"predecessor-version":[{"id":182845,"href":"https:\/\/corrientesdetarde.com\/index.php\/wp-json\/wp\/v2\/posts\/182843\/revisions\/182845"}],"wp:featuredmedia":[{"embeddable":true,"href":"https:\/\/corrientesdetarde.com\/index.php\/wp-json\/wp\/v2\/media\/182844"}],"wp:attachment":[{"href":"https:\/\/corrientesdetarde.com\/index.php\/wp-json\/wp\/v2\/media?parent=182843"}],"wp:term":[{"taxonomy":"category","embeddable":true,"href":"https:\/\/corrientesdetarde.com\/index.php\/wp-json\/wp\/v2\/categories?post=182843"},{"taxonomy":"post_tag","embeddable":true,"href":"https:\/\/corrientesdetarde.com\/index.php\/wp-json\/wp\/v2\/tags?post=182843"}],"curies":[{"name":"wp","href":"https:\/\/api.w.org\/{rel}","templated":true}]}}