{"id":182906,"date":"2025-01-04T16:15:33","date_gmt":"2025-01-04T19:15:33","guid":{"rendered":"https:\/\/corrientesdetarde.com\/?p=182906"},"modified":"2025-01-04T16:19:29","modified_gmt":"2025-01-04T19:19:29","slug":"buscan-a-dos-adolescentes-de-13-y-14-anos-desaparecidas-en-corrientes","status":"publish","type":"post","link":"https:\/\/corrientesdetarde.com\/index.php\/policiales\/buscan-a-dos-adolescentes-de-13-y-14-anos-desaparecidas-en-corrientes\/","title":{"rendered":"Buscan a dos adolescentes de 13 y 14 a\u00f1os desaparecidas en Corrientes"},"content":{"rendered":"\n<p>La Polic\u00eda busca a dos adolescentes, de 13 y 14 a\u00f1os, desaparecidas desde el 2 de enero en Corrientes. Se solicita la colaboraci\u00f3n de la comunidad para cualquier dato que ayude a encontrarlas.<\/p>\n\n\n\n<p>La Comisar\u00eda Primera de la Mujer y el Menor solicita colaboraci\u00f3n para la localizaci\u00f3n de dos menores desaparecidas en la ciudad de Corrientes. Ambas adolescentes fueron reportadas como ausentes desde el 2 de enero de 2025, y la Fiscal\u00eda de Investigaci\u00f3n en turno est\u00e1 interviniendo en el caso.<\/p>\n\n\n\n<p>La primera menor, identificada como Biras Yenhy Loreley, de 14 a\u00f1os, tiene una estatura aproximada de 1,60 metros, contextura delgada, tez blanca, cabello largo y lacio de color negro, y ojos tambi\u00e9n negros. En el momento de su desaparici\u00f3n, llevaba un short de jean negro, una remera blanca con rayas y ojotas verdes tipo Lacoste.<\/p>\n\n\n\n<p>La segunda menor, G\u00f3mez Melani Ayel\u00e9n, de 13 a\u00f1os, mide aproximadamente 1,70 metros, tiene tez blanca, cabello largo y ondulado de color negro, y ojos marrones. Su vestimenta al momento de su desaparici\u00f3n consist\u00eda en una calza \u00be negra, una remera roja y ojotas tipo crocs moradas. Adem\u00e1s, tiene un piercing en la nariz como se\u00f1a particular.<\/p>\n\n\n\n<p>Se solicita a la ciudadan\u00eda que, en caso de tener informaci\u00f3n que pueda ayudar a localizar a las menores, se comunique con la Comisar\u00eda Primera de la Mujer y del Menor al n\u00famero 4432913, o con la dependencia policial m\u00e1s cercana. Tambi\u00e9n pueden comunicarse al sistema de emergencias 911 en la Capital y 101 en el Interior Provincial.<\/p>\n","protected":false},"excerpt":{"rendered":"<p>La Polic\u00eda busca a dos adolescentes, de 13 y 14 a\u00f1os, desaparecidas desde el 2 de enero en Corrientes. Se solicita la colaboraci\u00f3n de la comunidad para cualquier dato que&hellip; <\/p>\n","protected":false},"author":4,"featured_media":182907,"comment_status":"closed","ping_status":"open","sticky":false,"template":"","format":"standard","meta":{"footnotes":""},"categories":[33],"tags":[],"class_list":["post-182906","post","type-post","status-publish","format-standard","has-post-thumbnail","hentry","category-policiales"],"_links":{"self":[{"href":"https:\/\/corrientesdetarde.com\/index.php\/wp-json\/wp\/v2\/posts\/182906","targetHints":{"allow":["GET"]}}],"collection":[{"href":"https:\/\/corrientesdetarde.com\/index.php\/wp-json\/wp\/v2\/posts"}],"about":[{"href":"https:\/\/corrientesdetarde.com\/index.php\/wp-json\/wp\/v2\/types\/post"}],"author":[{"embeddable":true,"href":"https:\/\/corrientesdetarde.com\/index.php\/wp-json\/wp\/v2\/users\/4"}],"replies":[{"embeddable":true,"href":"https:\/\/corrientesdetarde.com\/index.php\/wp-json\/wp\/v2\/comments?post=182906"}],"version-history":[{"count":1,"href":"https:\/\/corrientesdetarde.com\/index.php\/wp-json\/wp\/v2\/posts\/182906\/revisions"}],"predecessor-version":[{"id":182908,"href":"https:\/\/corrientesdetarde.com\/index.php\/wp-json\/wp\/v2\/posts\/182906\/revisions\/182908"}],"wp:featuredmedia":[{"embeddable":true,"href":"https:\/\/corrientesdetarde.com\/index.php\/wp-json\/wp\/v2\/media\/182907"}],"wp:attachment":[{"href":"https:\/\/corrientesdetarde.com\/index.php\/wp-json\/wp\/v2\/media?parent=182906"}],"wp:term":[{"taxonomy":"category","embeddable":true,"href":"https:\/\/corrientesdetarde.com\/index.php\/wp-json\/wp\/v2\/categories?post=182906"},{"taxonomy":"post_tag","embeddable":true,"href":"https:\/\/corrientesdetarde.com\/index.php\/wp-json\/wp\/v2\/tags?post=182906"}],"curies":[{"name":"wp","href":"https:\/\/api.w.org\/{rel}","templated":true}]}}