{"id":182924,"date":"2025-01-04T18:08:30","date_gmt":"2025-01-04T21:08:30","guid":{"rendered":"https:\/\/corrientesdetarde.com\/?p=182924"},"modified":"2025-01-04T18:08:56","modified_gmt":"2025-01-04T21:08:56","slug":"fabiola-yanez-renuncio-a-tener-custodia-en-madrid-tras-la-difusion-de-imagenes-de-su-festejo-de-ano-nuevo","status":"publish","type":"post","link":"https:\/\/corrientesdetarde.com\/index.php\/actualidad\/fabiola-yanez-renuncio-a-tener-custodia-en-madrid-tras-la-difusion-de-imagenes-de-su-festejo-de-ano-nuevo\/","title":{"rendered":"Fabiola Y\u00e1\u00f1ez renunci\u00f3 a tener custodia en Madrid tras la difusi\u00f3n de im\u00e1genes de su festejo de A\u00f1o Nuevo"},"content":{"rendered":"\n<p>Javier Milei le hab\u00eda solicitado a Patricia Bullrich que eleve un informe a la Justicia sobre el &#8220;sin sentido&#8221; de mantener la seguridad de la ex primera dama.<\/p>\n\n\n\n<p>Fabiola Y\u00e1\u00f1ez renunci\u00f3 a la custodia asignada tanto a ella como a su hijo Francisco en Madrid, seg\u00fan un escrito presentado ante el juzgado por su representante legal, Mariana Lorena Gallego. El hecho ocurre luego de la pol\u00e9mica que se desat\u00f3 por la difusi\u00f3n de las im\u00e1genes de la ex primera dama en una exclusiva celebraci\u00f3n de a\u00f1o nuevo en Espa\u00f1a. Por el caso, el presidente Javier Milei hab\u00eda calificado como un &#8220;sin sentido&#8221; que el Poder Ejecutivo siga cuid\u00e1ndola de forma especial.<\/p>\n\n\n\n<p>El documento que present\u00f3 Ya\u00f1ez, al que tuvo acceso Infobae, aclara que la custodia se le fue &#8220;impuesta en su lugar de residencia, Madrid, Reino de Espa\u00f1a, desde hace m\u00e1s de un a\u00f1o, cuando decidieron mudar su lugar de residencia en forma permanente a dicho pa\u00eds&#8221;. Y agrega: &#8220;Posteriormente, la custodia fue reforzada conforme es de estilo en los casos de violencia de g\u00e9nero&#8221;.<\/p>\n\n\n\n<p>Y\u00e1\u00f1ez, quien junto a su hijo estableci\u00f3 su residencia principal en la capital espa\u00f1ola, justific\u00f3 la decisi\u00f3n argumentando que &#8220;no desea generar un perjuicio econ\u00f3mico o log\u00edstico para la Administraci\u00f3n p\u00fablica argentina&#8221;. En el escrito presentado por su apoderada, se enfatiz\u00f3 que la custodia fue impuesta en su momento y no solicitada por Y\u00e1\u00f1ez.<\/p>\n\n\n\n<p>El documento menciona que, ante cualquier eventualidad que requiera medidas de seguridad, Y\u00e1\u00f1ez acudir\u00e1 a las autoridades judiciales competentes, ya sea en Espa\u00f1a o en Argentina.<\/p>\n\n\n\n<p>En los \u00faltimos d\u00edas, se viraliz\u00f3 en la red social X un video de Ya\u00f1ez celebrando a\u00f1o nuevo en el selecto restaurante &#8220;La \u00danica&#8221;. En las im\u00e1genes se la observa disfrutando de un espect\u00e1culo de Mariachis, rodeada de hombres en su mesa, alguno de los cuales ser\u00edan los efectivos que puso a su disposici\u00f3n el Estado argentino.<\/p>\n\n\n\n<p>&#8220;Le ped\u00ed a la Ministra de Seguridad que eleve un informe a la justicia sobre el sin sentido de mantener una custodia a la ex primera dama y expareja del expresidente&#8221;, escribi\u00f3 Milei en su cuenta este jueves 2 de enero.<\/p>\n\n\n\n<p>&#8220;Seguro que la justicia evaluar\u00e1 este pedido positivamente. Los impuestos de los ciudadanos son para mejorar la vida de la poblaci\u00f3n. No para privilegios de quienes no llevaron con austeridad la investidura&#8221;, agreg\u00f3.<\/p>\n\n\n\n<p>Frente a este mensaje, Bullrich respondi\u00f3 en p\u00fablico acatando afirmativamente la orden del Presidente. &#8220;Ya hago el informe de manera inmediata y se lo elevo a la Justicia&#8221;, indic\u00f3 la ministra.<\/p>\n\n\n\n<p>Ya\u00f1ez vive all\u00ed con su hijo Francisco, fruto de la pareja que sostuvo con Alberto Fern\u00e1ndez. Tras la salida del Gobierno, denunci\u00f3 a su ex marido por violencia de g\u00e9nero, exponiendo crudas im\u00e1genes con rastros de golpes y moretones que le adjudic\u00f3 al dirigente pol\u00edtico.<\/p>\n\n\n\n<p>En el marco de esa denuncia, que sigue en investigaci\u00f3n, la Justicia argentina orden\u00f3 que obtenga una protecci\u00f3n especial de parte de las fuerzas de seguridad federales, atendiendo al supuesto hostigamiento recibido de parte de Fern\u00e1ndez, seg\u00fan expuso ante los estrados judiciales.<\/p>\n\n\n\n<p>El ex presidente Alberto Fern\u00e1ndez tambi\u00e9n hab\u00eda hecho una presentaci\u00f3n judicial este jueves para cuestionar el posible retiro de la custodia a su ex pareja Fabiola Ya\u00f1ez, tras el mensaje que public\u00f3 el presidente Javier Milei en las redes sociales. Dijo que esa decisi\u00f3n, si se concreta, &#8220;pone en peligro la integridad f\u00edsica y emocional&#8221; del hijo de ambos, Francisco. Adem\u00e1s, reclam\u00f3 ante la Justicia que se adopten medidas que permitan &#8220;el reintegro inmediato del menor&#8221; al pa\u00eds.<\/p>\n\n\n\n<p>En otro tramo de la presentaci\u00f3n, Fern\u00e1ndez cuestion\u00f3 duramente a su ex pareja por haber asistido a una cena de Fin de A\u00f1o en un restor\u00e1n de Madrid. &#8220;Francisco, nuestro hijo, no estaba en la cena. No s\u00e9 d\u00f3nde estaba esa noche, ni qui\u00e9n lo cuidaba mientras su madre festejaba bebiendo alcohol y disfrutando buenos platos. Nuestro hijo no pudo celebrar las festividades junto a su padre por el deseo unilateral y arbitrario de su madre&#8221;, se quej\u00f3.<\/p>\n","protected":false},"excerpt":{"rendered":"<p>Javier Milei le hab\u00eda solicitado a Patricia Bullrich que eleve un informe a la Justicia sobre el &#8220;sin sentido&#8221; de mantener la seguridad de la ex primera dama. Fabiola Y\u00e1\u00f1ez&hellip; <\/p>\n","protected":false},"author":4,"featured_media":182925,"comment_status":"closed","ping_status":"open","sticky":false,"template":"","format":"standard","meta":{"footnotes":""},"categories":[23],"tags":[],"class_list":["post-182924","post","type-post","status-publish","format-standard","has-post-thumbnail","hentry","category-actualidad"],"_links":{"self":[{"href":"https:\/\/corrientesdetarde.com\/index.php\/wp-json\/wp\/v2\/posts\/182924","targetHints":{"allow":["GET"]}}],"collection":[{"href":"https:\/\/corrientesdetarde.com\/index.php\/wp-json\/wp\/v2\/posts"}],"about":[{"href":"https:\/\/corrientesdetarde.com\/index.php\/wp-json\/wp\/v2\/types\/post"}],"author":[{"embeddable":true,"href":"https:\/\/corrientesdetarde.com\/index.php\/wp-json\/wp\/v2\/users\/4"}],"replies":[{"embeddable":true,"href":"https:\/\/corrientesdetarde.com\/index.php\/wp-json\/wp\/v2\/comments?post=182924"}],"version-history":[{"count":1,"href":"https:\/\/corrientesdetarde.com\/index.php\/wp-json\/wp\/v2\/posts\/182924\/revisions"}],"predecessor-version":[{"id":182926,"href":"https:\/\/corrientesdetarde.com\/index.php\/wp-json\/wp\/v2\/posts\/182924\/revisions\/182926"}],"wp:featuredmedia":[{"embeddable":true,"href":"https:\/\/corrientesdetarde.com\/index.php\/wp-json\/wp\/v2\/media\/182925"}],"wp:attachment":[{"href":"https:\/\/corrientesdetarde.com\/index.php\/wp-json\/wp\/v2\/media?parent=182924"}],"wp:term":[{"taxonomy":"category","embeddable":true,"href":"https:\/\/corrientesdetarde.com\/index.php\/wp-json\/wp\/v2\/categories?post=182924"},{"taxonomy":"post_tag","embeddable":true,"href":"https:\/\/corrientesdetarde.com\/index.php\/wp-json\/wp\/v2\/tags?post=182924"}],"curies":[{"name":"wp","href":"https:\/\/api.w.org\/{rel}","templated":true}]}}