{"id":182933,"date":"2025-01-04T18:12:31","date_gmt":"2025-01-04T21:12:31","guid":{"rendered":"https:\/\/corrientesdetarde.com\/?p=182933"},"modified":"2025-01-04T18:13:55","modified_gmt":"2025-01-04T21:13:55","slug":"tension-entre-italia-e-iran-por-la-detencion-de-una-periodista","status":"publish","type":"post","link":"https:\/\/corrientesdetarde.com\/index.php\/internacionales\/tension-entre-italia-e-iran-por-la-detencion-de-una-periodista\/","title":{"rendered":"Tensi\u00f3n entre Italia e Ir\u00e1n por la detenci\u00f3n de una periodista"},"content":{"rendered":"\n<h2 class=\"wp-block-heading\">Cecilia Sala habr\u00eda sido arrestada solo para intercambiarla por un ingeniero preso en Italia a disposici\u00f3n de los Estados Unidos, acusado por actividad terrorista.<\/h2>\n\n\n\n<p><strong>La detenci\u00f3n de la periodista Cecilia Sala tens\u00f3 la relaci\u00f3n diplom\u00e1tica entre Ir\u00e1n e Italia,&nbsp;<\/strong>informaron medios internacionales. Sala, italiana de 29 a\u00f1os, duerme en el suelo de una celda helada, con la luz constantemente encendida, privada de sus gafas y del paquete con ayuda humanitaria que el embajador italiano en Teher\u00e1n le llev\u00f3 a la c\u00e1rcel de Evin.<\/p>\n\n\n\n<p>La Primera Ministra,&nbsp;<strong>Giorgia Meloni<\/strong>, organiz\u00f3 una reuni\u00f3n de urgencia con los ministros implicados en el caso, inform\u00f3 el sitio RFI. La reuni\u00f3n se centr\u00f3 en el respeto de los derechos y la dignidad de la periodista, adem\u00e1s de la exigencia de su liberaci\u00f3n inmediata, seg\u00fan inform\u00f3 la corresponsal de la cadena de radio RTL en Roma, Anne Le Nir.<\/p>\n\n\n\n<p><strong>Las relaciones diplom\u00e1ticas se tensaron cuando Roma convoc\u00f3 al jefe de la diplomacia iran\u00ed, Mohammad Reza Sabouri. Teher\u00e1n respondi\u00f3 llamando a la embajadora italiana, Paola Amadei.<\/strong><\/p>\n\n\n\n<p><strong>El ministro italiano de Asuntos Exteriores, Antonio Tajani, insisti\u00f3 en la X en que el gobierno estaba&nbsp;<\/strong><em><strong>&#8220;trabajando incansablemente para que (Cecilia Sala) regrese a Italia&#8221;&nbsp;<\/strong><\/em><strong>y acot\u00f3 que&nbsp;<\/strong><em><strong>&#8220;hasta que no sea liberada, Cecilia y sus padres nunca estar\u00e1n solos&#8221;. &nbsp; &nbsp; &nbsp;<\/strong><\/em><strong>&nbsp;&nbsp; &nbsp; &nbsp; &nbsp; &nbsp; &nbsp; &nbsp; &nbsp; &nbsp;<\/strong><\/p>\n\n\n\n<h3 class=\"wp-block-heading\">Pormenores del caso<\/h3>\n\n\n\n<p><strong>La periodista estar\u00eda pagando las consecuencias del arresto en&nbsp;Italia del ingeniero Mohammad Abedini el pasado 16 de diciembre en&nbsp;virtud de una orden de detenci\u00f3n internacional emitida por los&nbsp;Estados Unidos, bajo la acusaci\u00f3n de terrorismo.&nbsp;<\/strong><em>&#8220;El Gobierno que est\u00e1 gobernando en Ir\u00e1n no es un gobierno&nbsp;normal, es una banda de mafias y tiene el l\u00f3gico de las bandas de&nbsp;mafia. Tiene de reh\u00e9n a una persona para conseguir liberar a otra&nbsp;como la moneda de cambio. Yo estoy seguro de que no conoc\u00edan qui\u00e9n&nbsp;era ella. Solamente la Rep\u00fablica Isl\u00e1mica estaba buscando a un&nbsp;italiano, una italiana, para tenerlo en c\u00e1rcel para preparar una&nbsp;moneda de cambio. Y eso no es la primera vez que lo pasa&#8221;,&nbsp;<\/em>opina&nbsp;el analista iran\u00ed Mojtabah Ruandeh, entrevistado por RFI.<\/p>\n","protected":false},"excerpt":{"rendered":"<p>Cecilia Sala habr\u00eda sido arrestada solo para intercambiarla por un ingeniero preso en Italia a disposici\u00f3n de los Estados Unidos, acusado por actividad terrorista. La detenci\u00f3n de la periodista Cecilia&hellip; <\/p>\n","protected":false},"author":4,"featured_media":182934,"comment_status":"closed","ping_status":"open","sticky":false,"template":"","format":"standard","meta":{"footnotes":""},"categories":[11],"tags":[],"class_list":["post-182933","post","type-post","status-publish","format-standard","has-post-thumbnail","hentry","category-internacionales"],"_links":{"self":[{"href":"https:\/\/corrientesdetarde.com\/index.php\/wp-json\/wp\/v2\/posts\/182933","targetHints":{"allow":["GET"]}}],"collection":[{"href":"https:\/\/corrientesdetarde.com\/index.php\/wp-json\/wp\/v2\/posts"}],"about":[{"href":"https:\/\/corrientesdetarde.com\/index.php\/wp-json\/wp\/v2\/types\/post"}],"author":[{"embeddable":true,"href":"https:\/\/corrientesdetarde.com\/index.php\/wp-json\/wp\/v2\/users\/4"}],"replies":[{"embeddable":true,"href":"https:\/\/corrientesdetarde.com\/index.php\/wp-json\/wp\/v2\/comments?post=182933"}],"version-history":[{"count":3,"href":"https:\/\/corrientesdetarde.com\/index.php\/wp-json\/wp\/v2\/posts\/182933\/revisions"}],"predecessor-version":[{"id":182938,"href":"https:\/\/corrientesdetarde.com\/index.php\/wp-json\/wp\/v2\/posts\/182933\/revisions\/182938"}],"wp:featuredmedia":[{"embeddable":true,"href":"https:\/\/corrientesdetarde.com\/index.php\/wp-json\/wp\/v2\/media\/182934"}],"wp:attachment":[{"href":"https:\/\/corrientesdetarde.com\/index.php\/wp-json\/wp\/v2\/media?parent=182933"}],"wp:term":[{"taxonomy":"category","embeddable":true,"href":"https:\/\/corrientesdetarde.com\/index.php\/wp-json\/wp\/v2\/categories?post=182933"},{"taxonomy":"post_tag","embeddable":true,"href":"https:\/\/corrientesdetarde.com\/index.php\/wp-json\/wp\/v2\/tags?post=182933"}],"curies":[{"name":"wp","href":"https:\/\/api.w.org\/{rel}","templated":true}]}}