{"id":182981,"date":"2025-01-05T08:50:46","date_gmt":"2025-01-05T11:50:46","guid":{"rendered":"https:\/\/corrientesdetarde.com\/?p=182981"},"modified":"2025-01-05T08:50:51","modified_gmt":"2025-01-05T11:50:51","slug":"javier-milei-recibio-a-edmundo-gonzalez-urrutia-y-saludaron-desde-el-balcon-de-casa-rosada","status":"publish","type":"post","link":"https:\/\/corrientesdetarde.com\/index.php\/destacados\/javier-milei-recibio-a-edmundo-gonzalez-urrutia-y-saludaron-desde-el-balcon-de-casa-rosada\/","title":{"rendered":"Javier Milei recibi\u00f3 a Edmundo Gonz\u00e1lez Urrutia y saludaron desde el balc\u00f3n de Casa Rosada"},"content":{"rendered":"\n<p>Javier Milei recibi\u00f3 en Casa Rosada, a Edmundo Gonz\u00e1lez Urrutia, presidente electo de Venezuela no reconocido por la dictadura de Nicol\u00e1s Maduro, que se autoproclam\u00f3 mandatario de ese pa\u00eds en las \u00faltimas elecciones fraudulentas.<\/p>\n\n\n\n<p>Previamente, convocada para las 10, comenz\u00f3 la concentraci\u00f3n en Plaza de Mayo para recibir al l\u00edder opositor venezolano. Hasta all\u00ed llegaron Elisa Trotta, ex embajadora y secretaria general del Foro Argentino para la Defensa de la Democracia, Charbel Najm, coordinador del partido Primero Justicia en Sudam\u00e9rica, y Liset Luque, secretaria de la ONG Alianza por Venezuela, adem\u00e1s de cientos de venezolanos exiliados en la Argentina.<\/p>\n\n\n\n<p>&nbsp;Milei y Urrutia saludaron desde el balc\u00f3n de la Casa Rosada y, posteriormente, el presidente electo tendr\u00e1 encuentros privados con ministros, diputados y otras personalidades. Por la tarde, viajar\u00e1 a Uruguay para reunirse con Lacalle Pou.<\/p>\n","protected":false},"excerpt":{"rendered":"<p>Javier Milei recibi\u00f3 en Casa Rosada, a Edmundo Gonz\u00e1lez Urrutia, presidente electo de Venezuela no reconocido por la dictadura de Nicol\u00e1s Maduro, que se autoproclam\u00f3 mandatario de ese pa\u00eds en&hellip; <\/p>\n","protected":false},"author":1,"featured_media":182993,"comment_status":"closed","ping_status":"open","sticky":false,"template":"","format":"standard","meta":{"footnotes":""},"categories":[26],"tags":[],"class_list":["post-182981","post","type-post","status-publish","format-standard","has-post-thumbnail","hentry","category-destacados"],"_links":{"self":[{"href":"https:\/\/corrientesdetarde.com\/index.php\/wp-json\/wp\/v2\/posts\/182981","targetHints":{"allow":["GET"]}}],"collection":[{"href":"https:\/\/corrientesdetarde.com\/index.php\/wp-json\/wp\/v2\/posts"}],"about":[{"href":"https:\/\/corrientesdetarde.com\/index.php\/wp-json\/wp\/v2\/types\/post"}],"author":[{"embeddable":true,"href":"https:\/\/corrientesdetarde.com\/index.php\/wp-json\/wp\/v2\/users\/1"}],"replies":[{"embeddable":true,"href":"https:\/\/corrientesdetarde.com\/index.php\/wp-json\/wp\/v2\/comments?post=182981"}],"version-history":[{"count":1,"href":"https:\/\/corrientesdetarde.com\/index.php\/wp-json\/wp\/v2\/posts\/182981\/revisions"}],"predecessor-version":[{"id":182994,"href":"https:\/\/corrientesdetarde.com\/index.php\/wp-json\/wp\/v2\/posts\/182981\/revisions\/182994"}],"wp:featuredmedia":[{"embeddable":true,"href":"https:\/\/corrientesdetarde.com\/index.php\/wp-json\/wp\/v2\/media\/182993"}],"wp:attachment":[{"href":"https:\/\/corrientesdetarde.com\/index.php\/wp-json\/wp\/v2\/media?parent=182981"}],"wp:term":[{"taxonomy":"category","embeddable":true,"href":"https:\/\/corrientesdetarde.com\/index.php\/wp-json\/wp\/v2\/categories?post=182981"},{"taxonomy":"post_tag","embeddable":true,"href":"https:\/\/corrientesdetarde.com\/index.php\/wp-json\/wp\/v2\/tags?post=182981"}],"curies":[{"name":"wp","href":"https:\/\/api.w.org\/{rel}","templated":true}]}}