{"id":183015,"date":"2025-01-05T12:43:00","date_gmt":"2025-01-05T15:43:00","guid":{"rendered":"https:\/\/corrientesdetarde.com\/?p=183015"},"modified":"2025-01-05T12:50:07","modified_gmt":"2025-01-05T15:50:07","slug":"avanza-la-creacion-del-fbi-argentino-se-filtran-detalles-sobre-la-transformacion-de-la-policia-federal","status":"publish","type":"post","link":"https:\/\/corrientesdetarde.com\/index.php\/politica\/avanza-la-creacion-del-fbi-argentino-se-filtran-detalles-sobre-la-transformacion-de-la-policia-federal\/","title":{"rendered":"AVANZA LA CREACI\u00d3N DEL &#8220;FBI ARGENTINO&#8221;: SE FILTRAN DETALLES SOBRE LA TRANSFORMACI\u00d3N DE LA POLIC\u00cdA FEDERAL"},"content":{"rendered":"\n<p>(Corresponsal\u00eda Buenos Aires) &#8211; La ministra de Seguridad, Patricia Bullrich, junto al jefe de la Polic\u00eda Federal Argentina (PFA), avanza en la ambiciosa transformaci\u00f3n de la fuerza, que busca convertirla en un modelo similar al &#8220;FBI argentino&#8221;. Seg\u00fan un borrador filtrado al que accedi\u00f3 NA, se planea una reestructuraci\u00f3n que incluir\u00e1 cambios en la jerarqu\u00eda, la organizaci\u00f3n interna y las funciones de la PFA, con el objetivo de convertirla en la fuerza de investigaci\u00f3n criminal m\u00e1s destacada del pa\u00eds.<\/p>\n\n\n\n<p>Entre los cambios m\u00e1s significativos, el bosquejo indica que se eliminar\u00e1n las categor\u00edas de oficiales y suboficiales, estableciendo un escalaf\u00f3n \u00fanico. Las nuevas jerarqu\u00edas comenzar\u00e1n en subayudante y ascender\u00e1n hasta comisario general, pasando por t\u00edtulos como ayudante principal, inspector, comandante y comisario coronel.<\/p>\n\n\n\n<p>La c\u00fapula de la fuerza tambi\u00e9n sufrir\u00e1 una reestructuraci\u00f3n: se reducir\u00e1n las superintendencias de 11 a 6 y las direcciones generales de 40 a 15, en una apuesta por optimizar recursos y centralizar funciones. Seg\u00fan fuentes policiales, la oficializaci\u00f3n de los cambios se anunciar\u00e1 en los pr\u00f3ximos d\u00edas, junto con los nombramientos o ratificaciones en los cargos clave.<\/p>\n\n\n\n<p>&#8220;La designaci\u00f3n de la c\u00fapula de la fuerza suele realizarse entre noviembre y diciembre, pero este a\u00f1o se retras\u00f3 debido a la compleja reestructuraci\u00f3n que impuls\u00f3 la ministra Bullrich&#8221;, explicaron fuentes consultadas por NA.<\/p>\n\n\n\n<p>Desde la creaci\u00f3n de la Polic\u00eda de la Ciudad, la PFA ampli\u00f3 su presencia territorial, pero, seg\u00fan Bullrich, a\u00fan carece de una funci\u00f3n definida. &#8220;Estamos trabajando para concentrar a la Polic\u00eda Federal como una fuerza de investigaci\u00f3n criminal, capaz de abordar con mayor eficacia el crimen organizado y otras investigaciones complejas&#8221;, declar\u00f3 la ministra semanas atr\u00e1s.<\/p>\n\n\n\n<p>El plan incluye la profesionalizaci\u00f3n de los integrantes de la fuerza. &#8220;Vamos a formar polic\u00edas especializados y, adem\u00e1s, incorporar profesionales ya capacitados en \u00e1reas clave, como criminolog\u00eda y derecho, que cuenten con t\u00edtulos universitarios&#8221;, a\u00f1adi\u00f3 Bullrich.<\/p>\n\n\n\n<p>La ministra remarc\u00f3 que este cambio no solo busca modernizar a la PFA, sino tambi\u00e9n posicionarla como una instituci\u00f3n con est\u00e1ndares internacionales: &#8220;La Polic\u00eda Federal se convertir\u00e1 en el FBI argentino&#8221;.<\/p>\n","protected":false},"excerpt":{"rendered":"<p>(Corresponsal\u00eda Buenos Aires) &#8211; La ministra de Seguridad, Patricia Bullrich, junto al jefe de la Polic\u00eda Federal Argentina (PFA), avanza en la ambiciosa transformaci\u00f3n de la fuerza, que busca convertirla&hellip; <\/p>\n","protected":false},"author":11,"featured_media":131592,"comment_status":"closed","ping_status":"open","sticky":false,"template":"","format":"standard","meta":{"footnotes":""},"categories":[3],"tags":[],"class_list":["post-183015","post","type-post","status-publish","format-standard","has-post-thumbnail","hentry","category-politica"],"_links":{"self":[{"href":"https:\/\/corrientesdetarde.com\/index.php\/wp-json\/wp\/v2\/posts\/183015","targetHints":{"allow":["GET"]}}],"collection":[{"href":"https:\/\/corrientesdetarde.com\/index.php\/wp-json\/wp\/v2\/posts"}],"about":[{"href":"https:\/\/corrientesdetarde.com\/index.php\/wp-json\/wp\/v2\/types\/post"}],"author":[{"embeddable":true,"href":"https:\/\/corrientesdetarde.com\/index.php\/wp-json\/wp\/v2\/users\/11"}],"replies":[{"embeddable":true,"href":"https:\/\/corrientesdetarde.com\/index.php\/wp-json\/wp\/v2\/comments?post=183015"}],"version-history":[{"count":1,"href":"https:\/\/corrientesdetarde.com\/index.php\/wp-json\/wp\/v2\/posts\/183015\/revisions"}],"predecessor-version":[{"id":183016,"href":"https:\/\/corrientesdetarde.com\/index.php\/wp-json\/wp\/v2\/posts\/183015\/revisions\/183016"}],"wp:featuredmedia":[{"embeddable":true,"href":"https:\/\/corrientesdetarde.com\/index.php\/wp-json\/wp\/v2\/media\/131592"}],"wp:attachment":[{"href":"https:\/\/corrientesdetarde.com\/index.php\/wp-json\/wp\/v2\/media?parent=183015"}],"wp:term":[{"taxonomy":"category","embeddable":true,"href":"https:\/\/corrientesdetarde.com\/index.php\/wp-json\/wp\/v2\/categories?post=183015"},{"taxonomy":"post_tag","embeddable":true,"href":"https:\/\/corrientesdetarde.com\/index.php\/wp-json\/wp\/v2\/tags?post=183015"}],"curies":[{"name":"wp","href":"https:\/\/api.w.org\/{rel}","templated":true}]}}