{"id":183598,"date":"2025-01-08T13:59:31","date_gmt":"2025-01-08T16:59:31","guid":{"rendered":"https:\/\/corrientesdetarde.com\/?p=183598"},"modified":"2025-01-08T13:59:32","modified_gmt":"2025-01-08T16:59:32","slug":"organizan-una-colecta-de-fondos-para-apoyar-al-correntino-en-gh","status":"publish","type":"post","link":"https:\/\/corrientesdetarde.com\/index.php\/espectaculos\/organizan-una-colecta-de-fondos-para-apoyar-al-correntino-en-gh\/","title":{"rendered":"Organizan una colecta de fondos para apoyar al correntino en GH"},"content":{"rendered":"\n<p>La &#8220;Devineta&#8221; se puso en marcha y el objetivo es recaudar una buena cantidad de pesos para mantener al arquitecto de 38 a\u00f1os en competencia. La movida es impulsada por familiares a trav\u00e9s de sus redes oficiales.<\/p>\n\n\n\n<p>Familiares y amigos de Juan Pablo De Vigili, el representante de Corrientes en el programa m\u00e1s visto de la televisi\u00f3n nacional, lanzaron una colecta a trav\u00e9s de las redes sociales. El objetivo es recaudar fondos para pagar las votaciones telef\u00f3nicas cuando sea nominado, o bien cuando la producci\u00f3n decida que todos los participantes deban superar la &#8220;placa positiva&#8221;.<\/p>\n\n\n\n<p>Este lunes, se puso en marcha la &#8220;Devineta&#8221;, una iniciativa de sus allegados para reunir no solo dinero, sino tambi\u00e9n fan\u00e1ticos del empresario y arquitecto de 38 a\u00f1os. La estrategia no es una novedad, ya que se realiz\u00f3 en la edici\u00f3n pasada con algunos participantes y se conoce como &#8220;unificaci\u00f3n&#8221;.<\/p>\n\n\n\n<p>A trav\u00e9s de su cuenta de oficial de Instagram (@jpdevi), los gestores de sus redes sociales anunciaron que habilitaron dos cuentas, una en el banco digital Brubak y otra en la billetera Prex, para recibir transferencias. &#8220;Todo lo recaudado ser\u00e1 usado para mantener a Devi adentro de la casa de Gran Hermano&#8221;, escribieron.<\/p>\n\n\n\n<p>A las pocas horas, los impulsores de la movida anunciaron que recibieron el primer aporte. A trav\u00e9s de la cuenta de Instagram @teamladevineta_ comunicaron que recibieron $2.200, la primera colaboraci\u00f3n.<\/p>\n\n\n\n<p>Uno de los hermanos de Juan Pablo confirm\u00f3 a diario \u00e9poca que desde el circulo familiar le dieron forma a esta colecta. &#8220;La idea es juntar todo el dinero posible y utilizarlos cuando lo necesite&#8221;, aclararon. Vale recordar que las votaciones en Gran Hermano se realizan a trav\u00e9s de mensajes de texto, pudiendo comprar un voto o varios.<\/p>\n\n\n\n<p>&#8220;Una vez que se recauden los fondos y se compren los votos iremos publicando en las redes para que los seguidores vean que todo es transparente&#8221;, se\u00f1alaron. A la vez que dejaron un breve an\u00e1lisis de su paso por el certamen: &#8220;Se puso a jugar y se est\u00e1 relacionado con gente que lo puede llevar a la final&#8221;.<\/p>\n\n\n\n<p>En el caso de que un jugador quede nominado y forme parte de la placa negativa, la estrategia de sus fan\u00e1ticos habitualmente se concentra en asignar una mayor cantidad de votos a otro jugador con m\u00e1s chances de ser eliminado. En tanto, en la placa positiva, quienes reciben m\u00e1s votos son los que se quedan en el certamen, quienes no re\u00fanan los suficientes deben dejar la competencia.<\/p>\n\n\n\n<p>Juan Pablo fue uno de los jugadores que la semana pasada recibi\u00f3 menos cantidad de votos y estuvo muy cerca de ser eliminado. Sin embargo, Ezequiel Ois (Ramos Mej\u00eda) y Candela Campos (La Matanza) fueron los que quedaron fuera de GH.<\/p>\n\n\n\n<p>De Vigili, seg\u00fan coment\u00f3 durante su presentaci\u00f3n en el programa, sue\u00f1a con dedicarse a la actuaci\u00f3n y lucirse en las tablas. Disfruta de meditar y en un futuro se proyecta llevando una vida de int\u00e9rprete. &#8220;Siempre quise ser actor. Mi viejo me dijo que era un hobbie, que no me pod\u00eda dedicar a eso. Entonces es como que crec\u00ed con eso. Me fui creyendo que yo ten\u00eda que ser un empresario. Yo solo entiendo el por qu\u00e9 estoy ac\u00e1. S\u00e9 que este es mi momento&#8221;, se\u00f1al\u00f3 esperanzado el concursante correntino.<\/p>\n\n\n\n<p>\u00bfSu participaci\u00f3n ser\u00e1 tan recordada como la de Constanza Romero? El tiempo lo dir\u00e1.<\/p>\n\n\n\n<figure class=\"wp-block-image\"><img decoding=\"async\" src=\"https:\/\/www.diarioepoca.com\/content\/bucket\/7\/1405567w380h346c.jpg.webp\" alt=\"\"\/><\/figure>\n\n\n\n<h2 class=\"wp-block-heading\">Crece<\/h2>\n\n\n\n<p>La cuenta de Juan Pablo en Instagram pas\u00f3 de 8.200 seguidores a m\u00e1s de 26.200, gracias a la exposici\u00f3n que le dio el programa Gran Hermano.<\/p>\n\n\n\n<p>Recientemente tambi\u00e9n apareci\u00f3 la cuenta @teamladevineta_, pero este perfil solo acumul\u00f3 hasta el momento 164 seguidores.<\/p>\n","protected":false},"excerpt":{"rendered":"<p>La &#8220;Devineta&#8221; se puso en marcha y el objetivo es recaudar una buena cantidad de pesos para mantener al arquitecto de 38 a\u00f1os en competencia. La movida es impulsada por&hellip; <\/p>\n","protected":false},"author":3,"featured_media":183604,"comment_status":"closed","ping_status":"open","sticky":false,"template":"","format":"standard","meta":{"footnotes":""},"categories":[19],"tags":[],"class_list":["post-183598","post","type-post","status-publish","format-standard","has-post-thumbnail","hentry","category-espectaculos"],"_links":{"self":[{"href":"https:\/\/corrientesdetarde.com\/index.php\/wp-json\/wp\/v2\/posts\/183598","targetHints":{"allow":["GET"]}}],"collection":[{"href":"https:\/\/corrientesdetarde.com\/index.php\/wp-json\/wp\/v2\/posts"}],"about":[{"href":"https:\/\/corrientesdetarde.com\/index.php\/wp-json\/wp\/v2\/types\/post"}],"author":[{"embeddable":true,"href":"https:\/\/corrientesdetarde.com\/index.php\/wp-json\/wp\/v2\/users\/3"}],"replies":[{"embeddable":true,"href":"https:\/\/corrientesdetarde.com\/index.php\/wp-json\/wp\/v2\/comments?post=183598"}],"version-history":[{"count":1,"href":"https:\/\/corrientesdetarde.com\/index.php\/wp-json\/wp\/v2\/posts\/183598\/revisions"}],"predecessor-version":[{"id":183660,"href":"https:\/\/corrientesdetarde.com\/index.php\/wp-json\/wp\/v2\/posts\/183598\/revisions\/183660"}],"wp:featuredmedia":[{"embeddable":true,"href":"https:\/\/corrientesdetarde.com\/index.php\/wp-json\/wp\/v2\/media\/183604"}],"wp:attachment":[{"href":"https:\/\/corrientesdetarde.com\/index.php\/wp-json\/wp\/v2\/media?parent=183598"}],"wp:term":[{"taxonomy":"category","embeddable":true,"href":"https:\/\/corrientesdetarde.com\/index.php\/wp-json\/wp\/v2\/categories?post=183598"},{"taxonomy":"post_tag","embeddable":true,"href":"https:\/\/corrientesdetarde.com\/index.php\/wp-json\/wp\/v2\/tags?post=183598"}],"curies":[{"name":"wp","href":"https:\/\/api.w.org\/{rel}","templated":true}]}}