{"id":183759,"date":"2025-01-08T18:59:00","date_gmt":"2025-01-08T21:59:00","guid":{"rendered":"https:\/\/corrientesdetarde.com\/?p=183759"},"modified":"2025-01-08T19:07:28","modified_gmt":"2025-01-08T22:07:28","slug":"el-gobierno-espera-que-en-dos-meses-se-adjudique-la-licitacion-de-la-hidrovia-del-rio-parana","status":"publish","type":"post","link":"https:\/\/corrientesdetarde.com\/index.php\/politica\/el-gobierno-espera-que-en-dos-meses-se-adjudique-la-licitacion-de-la-hidrovia-del-rio-parana\/","title":{"rendered":"El Gobierno espera que en dos meses se adjudique la licitaci\u00f3n de la Hidrov\u00eda del R\u00edo Paran\u00e1."},"content":{"rendered":"\n<h2 class=\"wp-block-heading\">El 12 de febrero se abrir\u00e1n los sobres con las ofertas para operar la v\u00eda navegable por la que circula el 80 por ciento de las exportaciones argentinas. Luego de otras etapas de an\u00e1lisis se concesionar\u00e1 por 30 a\u00f1os.<\/h2>\n\n\n\n<p>Desde la flamante Agencia Nacional de Puertos y Navegaci\u00f3n (ANPyN), un ente aut\u00e1rquico que depende del Ministerio de Econom\u00eda, y tras la disoluci\u00f3n de la Administraci\u00f3n Nacional de Puertos, conf\u00edan en que&nbsp;<strong>en un par de meses quedar\u00e1 resuelta la licitaci\u00f3n de la Hidrov\u00eda del r\u00edo Paran\u00e1.<\/strong>&nbsp;El 12 de febrero es el d\u00eda l\u00edmite para la presentaci\u00f3n de las ofertas, luego se har\u00e1 la evaluaci\u00f3n exhaustiva de cada una y finalmente se adjudicar\u00e1 la explotaci\u00f3n de la v\u00eda troncal por los pr\u00f3ximos 30 a\u00f1os.<\/p>\n\n\n\n<p>En los primeros d\u00edas del nuevo organismo, que est\u00e1 a cargo del abogado I\u00f1aki Arreseygor, empezaron a realizar un reordenamiento administrativo y financiero.\u00a0<strong>La Agencia centraliza las tareas que anteriormente estaban en manos de otras dependencias estatales<\/strong>. Adem\u00e1s de la AGP, exist\u00edan la Subsecretar\u00eda de V\u00edas Navegables y el Ente de Control y Gesti\u00f3n de la V\u00eda Navegable Troncal (ECOVINA), donde hab\u00eda participaci\u00f3n de las siete provincias ribere\u00f1as. \u201cEra un pedido de las c\u00e1maras de navegaci\u00f3n y de otros actores del \u00e1rea portuaria que las actividades tuvieran una simplificaci\u00f3n\u201d, explicaron fuentes de la ANPyN<strong>.<\/strong><\/p>\n\n\n\n<p>Arreseygor, quien trabaj\u00f3 con Mar\u00eda Eugenia Vidal en la provincia de Buenos Aires y tambi\u00e9n con Mauricio Macri a nivel nacional, era hasta su designaci\u00f3n en la ANPyN el subsecretario de V\u00edas Navegables, adonde lleg\u00f3 convocado por Luis \u201cToto\u201d Caputo.<\/p>\n\n\n\n<p>Acerca de las impugnaciones en el proceso licitatorio de la v\u00eda navegable por donde transita el 80% de las exportaciones argentinas desde la ANPyN sostienen que se deben a las exigencias que se plantearon en los pliegos. \u201c<strong>Dicen que somos muy exigentes y es a prop\u00f3sito, as\u00ed debe ser.<\/strong>\u00a0Los oferentes deber\u00e1n esforzarse para ser los mejores. Ninguno de los que est\u00e1n habilitados para participar se quedar\u00e1 afuera\u201d, afirman.<\/p>\n\n\n\n<p>Durante los \u00faltimos meses hubo varias reuniones con el Consejo Federal de la Hidrov\u00eda y, adem\u00e1s, se solucionaron los problemas con el pago de los peajes a las embarcaciones, con foco de conflicto desde el puerto de Timb\u00faes, en la ciudad de San Lorenzo, provincia de Santa Fe, hacia el Norte, donde no hab\u00eda acuerdo con las autoridades paraguayas sobre los montos que deb\u00edan abonarse.<\/p>\n\n\n\n<p>Desde el vencimiento de la concesi\u00f3n original en 2021, la&nbsp;<strong>Administraci\u00f3n General de Puertos (AGP)<\/strong>&nbsp;hab\u00eda asumido la gesti\u00f3n de la&nbsp;<strong>Hidrov\u00eda<\/strong>, implementando un modelo que involucr\u00f3 a siete provincias y ocho ministerios. Este esquema, sin embargo, evidenci\u00f3 problemas de eficiencia y coordinaci\u00f3n. Durante este per\u00edodo, la AGP subcontrat\u00f3 las tareas de dragado y balizamiento a&nbsp;<strong>Jan de Nul<\/strong>&nbsp;y&nbsp;<strong>Emepa<\/strong>, antiguos concesionarios de la v\u00eda fluvial. En 2022, se lanz\u00f3 una licitaci\u00f3n internacional para el dragado, pero esta fue cancelada tras la impugnaci\u00f3n de oferentes como la danesa&nbsp;<strong>Rodhe Nielsen<\/strong>&nbsp;y la china&nbsp;<strong>CCCC Shanghai Dredging<\/strong>.<\/p>\n\n\n\n<p>Ahora la empresa china qued\u00f3 al margen de esta nueva compulsa. A fines de noviembre, el Ejecutivo emiti\u00f3 una resoluci\u00f3n que\u00a0dej\u00f3 fuera de carrera a todas las empresas estatales extranjeras.\u00a0En su\u00a0<strong>art\u00edculo 16\u00b0\u00a0<\/strong>detallaron que quedan excluidas de participar las \u201cpersonas jur\u00eddicas controladas, directa o indirectamente, por estados soberanos o agencias estatales\u201d. Este punto resulta determinante para empresas como\u00a0<strong>Shanghai Dredging Co.<\/strong>, filial de la\u00a0<strong>China Communications Construction Company (CCCC)<\/strong>, que qued\u00f3 autom\u00e1ticamente fuera de la competencia debido a su car\u00e1cter estatal.<\/p>\n\n\n\n<h2 class=\"wp-block-heading\">Recortes y eliminaci\u00f3n del d\u00e9ficit<\/h2>\n\n\n\n<p>Con la creaci\u00f3n de la Agencia tambi\u00e9n el Gobierno profundiz\u00f3 su pol\u00edtica de \u201cmotosierra\u201d.&nbsp;<strong>De los 1.500 empleados que trabajaban en las tres \u00e1reas vinculadas al funcionamiento y la administraci\u00f3n de los puertos quedaron 300<\/strong>. En la Administraci\u00f3n General de Puertos, que hab\u00eda sido creada en 1952, unas 500 personas fueron \u201cpasadas a disponibilidad\u201d. Tendr\u00e1n a partir de ahora un a\u00f1o para ser reubicadas.<\/p>\n\n\n\n<p>Destacan que eliminaron&nbsp;<strong>\u201cla superposici\u00f3n de tareas\u201d<\/strong>&nbsp;que ocasionaban retrasos en la resoluci\u00f3n de tr\u00e1mites. Hicieron una evaluaci\u00f3n de los bienes muebles e inmuebles de la AGP y paulatinamente&nbsp;<strong>se fue eliminando el d\u00e9ficit operativo&nbsp;<\/strong>que al asumir Milei llegaba a los 4 millones de d\u00f3lares mensuales. \u201cEste a\u00f1o no necesitaremos aportes del Tesoro\u201d, grafican.<\/p>\n\n\n\n<p>Por el momento, las autoridades que asumieron&nbsp;<strong>no descubrieron casos de corrupci\u00f3n.<\/strong>&nbsp;\u201cFueron m\u00e1s de 70 a\u00f1os de la vieja pol\u00edtica. Naturalmente que se produc\u00edan algunos desmanejos. Si encontramos alguna irregularidad, la vamos a denunciar inmediatamente\u201d, reconocen.<\/p>\n\n\n\n<p>Respecto de la posibilidad que reclama el jefe de Gobierno porte\u00f1o Jorge Macri para que se les traspase la operaci\u00f3n del puerto de Buenos Aires, en la ANPyN aseguran que&nbsp;<strong>hasta que no se ordene la situaci\u00f3n jur\u00eddica ser\u00e1 imposible avanzar con ese tema.<\/strong>&nbsp;Alberto Fern\u00e1ndez firm\u00f3 en septiembre de 2023 la pr\u00f3rroga de la concesi\u00f3n a Terminales R\u00edo de la Plata y al grupo dan\u00e9s Maersk, que opera la terminal 4 a trav\u00e9s de la empresa APM, por tres a\u00f1os, con opci\u00f3n a otros tres m\u00e1s.<\/p>\n\n\n\n<p>\u201cHaber dado una pr\u00f3rroga tan corta fue contraproducente. Tendr\u00eda que ser m\u00e1s extensa. Cuando es por un per\u00edodo tan corto hay falta de previsibilidad y se complica la inversi\u00f3n\u201d, remarcan desde el entorno de Arreseygor.<\/p>\n","protected":false},"excerpt":{"rendered":"<p>El 12 de febrero se abrir\u00e1n los sobres con las ofertas para operar la v\u00eda navegable por la que circula el 80 por ciento de las exportaciones argentinas. Luego de&hellip; <\/p>\n","protected":false},"author":6,"featured_media":183766,"comment_status":"closed","ping_status":"open","sticky":false,"template":"","format":"standard","meta":{"footnotes":""},"categories":[3],"tags":[],"class_list":["post-183759","post","type-post","status-publish","format-standard","has-post-thumbnail","hentry","category-politica"],"_links":{"self":[{"href":"https:\/\/corrientesdetarde.com\/index.php\/wp-json\/wp\/v2\/posts\/183759","targetHints":{"allow":["GET"]}}],"collection":[{"href":"https:\/\/corrientesdetarde.com\/index.php\/wp-json\/wp\/v2\/posts"}],"about":[{"href":"https:\/\/corrientesdetarde.com\/index.php\/wp-json\/wp\/v2\/types\/post"}],"author":[{"embeddable":true,"href":"https:\/\/corrientesdetarde.com\/index.php\/wp-json\/wp\/v2\/users\/6"}],"replies":[{"embeddable":true,"href":"https:\/\/corrientesdetarde.com\/index.php\/wp-json\/wp\/v2\/comments?post=183759"}],"version-history":[{"count":1,"href":"https:\/\/corrientesdetarde.com\/index.php\/wp-json\/wp\/v2\/posts\/183759\/revisions"}],"predecessor-version":[{"id":183767,"href":"https:\/\/corrientesdetarde.com\/index.php\/wp-json\/wp\/v2\/posts\/183759\/revisions\/183767"}],"wp:featuredmedia":[{"embeddable":true,"href":"https:\/\/corrientesdetarde.com\/index.php\/wp-json\/wp\/v2\/media\/183766"}],"wp:attachment":[{"href":"https:\/\/corrientesdetarde.com\/index.php\/wp-json\/wp\/v2\/media?parent=183759"}],"wp:term":[{"taxonomy":"category","embeddable":true,"href":"https:\/\/corrientesdetarde.com\/index.php\/wp-json\/wp\/v2\/categories?post=183759"},{"taxonomy":"post_tag","embeddable":true,"href":"https:\/\/corrientesdetarde.com\/index.php\/wp-json\/wp\/v2\/tags?post=183759"}],"curies":[{"name":"wp","href":"https:\/\/api.w.org\/{rel}","templated":true}]}}