{"id":183768,"date":"2025-01-09T08:01:59","date_gmt":"2025-01-09T11:01:59","guid":{"rendered":"https:\/\/corrientesdetarde.com\/?p=183768"},"modified":"2025-01-09T08:02:04","modified_gmt":"2025-01-09T11:02:04","slug":"se-presentara-lo-que-sera-la-bailanta-chamamecera-en-riachuelo-2025","status":"publish","type":"post","link":"https:\/\/corrientesdetarde.com\/index.php\/destacados\/se-presentara-lo-que-sera-la-bailanta-chamamecera-en-riachuelo-2025\/","title":{"rendered":"Se presentar\u00e1 lo que ser\u00e1 la bailanta Chamamecera en Riachuelo 2025"},"content":{"rendered":"\n<p>Este evento tendr\u00e1 su presentaci\u00f3n oficial en Casa Ibera el d\u00eda viernes 10 de enero a las 10&nbsp;y contar\u00e1 con la actuaci\u00f3n en vivo de grupo&nbsp;chamamecero.<\/p>\n\n\n\n<p>Por lo tanto, se dio a conocer que la Bailanta Chamamecera en Riachuelo tendr\u00e1 lugar del 25 al 26 de enero en el camping del puente Pexoa con entrada libre y gratuita.<\/p>\n\n\n\n<p>Asimismo, tanto correntinos, turistas y visitantes podr\u00e1n disfrutar de 12 a 15 n\u00fameros musicales por jornada chamamecera.<\/p>\n\n\n\n<p>Al mismo tiempo, en este contexto habr\u00e1 puestos de venta de comidas t\u00edpicas, feria de artesanos y emprendedores locales y de la zona.<\/p>\n\n\n\n<p>Por otra parte, el domingo 26 a las 16&nbsp;se realizar\u00e1 la cabalgata de la fe que partir\u00e1 desde el Palacio Municipal hasta el puente Pexoa con el acompa\u00f1amiento de la Virgen Pellegrina de Itat\u00ed.<\/p>\n","protected":false},"excerpt":{"rendered":"<p>Este evento tendr\u00e1 su presentaci\u00f3n oficial en Casa Ibera el d\u00eda viernes 10 de enero a las 10&nbsp;y contar\u00e1 con la actuaci\u00f3n en vivo de grupo&nbsp;chamamecero. Por lo tanto, se&hellip; <\/p>\n","protected":false},"author":3,"featured_media":183778,"comment_status":"closed","ping_status":"open","sticky":false,"template":"","format":"standard","meta":{"footnotes":""},"categories":[26],"tags":[],"class_list":["post-183768","post","type-post","status-publish","format-standard","has-post-thumbnail","hentry","category-destacados"],"_links":{"self":[{"href":"https:\/\/corrientesdetarde.com\/index.php\/wp-json\/wp\/v2\/posts\/183768","targetHints":{"allow":["GET"]}}],"collection":[{"href":"https:\/\/corrientesdetarde.com\/index.php\/wp-json\/wp\/v2\/posts"}],"about":[{"href":"https:\/\/corrientesdetarde.com\/index.php\/wp-json\/wp\/v2\/types\/post"}],"author":[{"embeddable":true,"href":"https:\/\/corrientesdetarde.com\/index.php\/wp-json\/wp\/v2\/users\/3"}],"replies":[{"embeddable":true,"href":"https:\/\/corrientesdetarde.com\/index.php\/wp-json\/wp\/v2\/comments?post=183768"}],"version-history":[{"count":1,"href":"https:\/\/corrientesdetarde.com\/index.php\/wp-json\/wp\/v2\/posts\/183768\/revisions"}],"predecessor-version":[{"id":183786,"href":"https:\/\/corrientesdetarde.com\/index.php\/wp-json\/wp\/v2\/posts\/183768\/revisions\/183786"}],"wp:featuredmedia":[{"embeddable":true,"href":"https:\/\/corrientesdetarde.com\/index.php\/wp-json\/wp\/v2\/media\/183778"}],"wp:attachment":[{"href":"https:\/\/corrientesdetarde.com\/index.php\/wp-json\/wp\/v2\/media?parent=183768"}],"wp:term":[{"taxonomy":"category","embeddable":true,"href":"https:\/\/corrientesdetarde.com\/index.php\/wp-json\/wp\/v2\/categories?post=183768"},{"taxonomy":"post_tag","embeddable":true,"href":"https:\/\/corrientesdetarde.com\/index.php\/wp-json\/wp\/v2\/tags?post=183768"}],"curies":[{"name":"wp","href":"https:\/\/api.w.org\/{rel}","templated":true}]}}