{"id":183770,"date":"2025-01-09T08:02:01","date_gmt":"2025-01-09T11:02:01","guid":{"rendered":"https:\/\/corrientesdetarde.com\/?p=183770"},"modified":"2025-01-09T08:02:02","modified_gmt":"2025-01-09T11:02:02","slug":"came-solicita-reparaciones-de-rutas-estrategicas-para-el-comercio-nacional-e-internacional","status":"publish","type":"post","link":"https:\/\/corrientesdetarde.com\/index.php\/informacion-general\/came-solicita-reparaciones-de-rutas-estrategicas-para-el-comercio-nacional-e-internacional\/","title":{"rendered":"CAME solicita reparaciones de rutas estrat\u00e9gicas para el comercio nacional e internacional"},"content":{"rendered":"\n<p>La Confederaci\u00f3n Argentina de la Mediana Empresa (CAME) acompa\u00f1a a la Federaci\u00f3n Econ\u00f3mica de Corrientes (FEC) en el pedido de ejecutar reparaciones necesarias en las rutas nacionales 12 y 14, dos caminos de relevancia para el entramado productivo argentino. Ambas rutas son claves para la conectividad log\u00edstica y comercial de la regi\u00f3n, especialmente como parte del corredor estrat\u00e9gico del Mercosur.<\/p>\n\n\n\n<p>El actual estado de deterioro constante genera no s\u00f3lo un encarecimiento significativo de los costos de transporte y log\u00edstica, sino tambi\u00e9n un alarmante aumento de accidentes viales con consecuencias fatales. Es indispensable que las rutas 12 y 14 sean transitables y seguras, lo que conllevar\u00e1 un impacto positivo en el desarrollo productivo, tur\u00edstico y social de las provincias comprendidas.<\/p>\n\n\n\n<p>Entre las consecuencias cr\u00edticas que menciona la FEC por el mal estado de las v\u00edas se destacan:<\/p>\n\n\n\n<ul class=\"wp-block-list\">\n<li><strong>Log\u00edstica y producci\u00f3n:<\/strong>\u00a0incremento en los costos para el transporte de bienes agr\u00edcolas, forestales e industriales, con afectaci\u00f3n directa en la competitividad regional y nacional.<\/li>\n\n\n\n<li><strong>Conexi\u00f3n internacional:<\/strong>\u00a0obst\u00e1culos para el flujo comercial con el Mercosur, limitando las exportaciones y el intercambio econ\u00f3mico.<\/li>\n\n\n\n<li><strong>Turismo:\u00a0<\/strong>p\u00e9rdida de oportunidades en un sector estrat\u00e9gico para la econom\u00eda regional, afectando directamente a las comunidades locales.<\/li>\n\n\n\n<li><strong>Seguridad vial:<\/strong>\u00a0riesgo constante para quienes transitan estas rutas, con un incremento en la cantidad de accidentes.<\/li>\n<\/ul>\n\n\n\n<p>Desde CAME se resalta la importancia de la colaboraci\u00f3n p\u00fablico-privada para la implementaci\u00f3n de medidas fundamentales que potencien a los emprendimientos productivos. En tal sentido, se les solicita a las autoridades nacionales priorizar la reparaci\u00f3n y el mantenimiento de estas rutas estrat\u00e9gicas para el comercio de toda la Argentina.<\/p>\n","protected":false},"excerpt":{"rendered":"<p>La Confederaci\u00f3n Argentina de la Mediana Empresa (CAME) acompa\u00f1a a la Federaci\u00f3n Econ\u00f3mica de Corrientes (FEC) en el pedido de ejecutar reparaciones necesarias en las rutas nacionales 12 y 14,&hellip; <\/p>\n","protected":false},"author":3,"featured_media":183779,"comment_status":"closed","ping_status":"open","sticky":false,"template":"","format":"standard","meta":{"footnotes":""},"categories":[1],"tags":[],"class_list":["post-183770","post","type-post","status-publish","format-standard","has-post-thumbnail","hentry","category-informacion-general"],"_links":{"self":[{"href":"https:\/\/corrientesdetarde.com\/index.php\/wp-json\/wp\/v2\/posts\/183770","targetHints":{"allow":["GET"]}}],"collection":[{"href":"https:\/\/corrientesdetarde.com\/index.php\/wp-json\/wp\/v2\/posts"}],"about":[{"href":"https:\/\/corrientesdetarde.com\/index.php\/wp-json\/wp\/v2\/types\/post"}],"author":[{"embeddable":true,"href":"https:\/\/corrientesdetarde.com\/index.php\/wp-json\/wp\/v2\/users\/3"}],"replies":[{"embeddable":true,"href":"https:\/\/corrientesdetarde.com\/index.php\/wp-json\/wp\/v2\/comments?post=183770"}],"version-history":[{"count":1,"href":"https:\/\/corrientesdetarde.com\/index.php\/wp-json\/wp\/v2\/posts\/183770\/revisions"}],"predecessor-version":[{"id":183784,"href":"https:\/\/corrientesdetarde.com\/index.php\/wp-json\/wp\/v2\/posts\/183770\/revisions\/183784"}],"wp:featuredmedia":[{"embeddable":true,"href":"https:\/\/corrientesdetarde.com\/index.php\/wp-json\/wp\/v2\/media\/183779"}],"wp:attachment":[{"href":"https:\/\/corrientesdetarde.com\/index.php\/wp-json\/wp\/v2\/media?parent=183770"}],"wp:term":[{"taxonomy":"category","embeddable":true,"href":"https:\/\/corrientesdetarde.com\/index.php\/wp-json\/wp\/v2\/categories?post=183770"},{"taxonomy":"post_tag","embeddable":true,"href":"https:\/\/corrientesdetarde.com\/index.php\/wp-json\/wp\/v2\/tags?post=183770"}],"curies":[{"name":"wp","href":"https:\/\/api.w.org\/{rel}","templated":true}]}}