{"id":183772,"date":"2025-01-09T08:02:03","date_gmt":"2025-01-09T11:02:03","guid":{"rendered":"https:\/\/corrientesdetarde.com\/?p=183772"},"modified":"2025-01-09T08:02:04","modified_gmt":"2025-01-09T11:02:04","slug":"esta-abierta-la-inscripcion-para-la-colonia-de-vacaciones-de-adultos-mayores","status":"publish","type":"post","link":"https:\/\/corrientesdetarde.com\/index.php\/actualidad\/esta-abierta-la-inscripcion-para-la-colonia-de-vacaciones-de-adultos-mayores\/","title":{"rendered":"Est\u00e1 abierta la inscripci\u00f3n para la Colonia de Vacaciones de Adultos Mayores"},"content":{"rendered":"\n<p>El Gobierno provincial, a trav\u00e9s del Ministerio de Desarrollo Social llevar\u00e1 adelante en el mes de febrero &nbsp;la Colonia de Vacaciones para Adultos Mayores. La inscripci\u00f3n ya se encuentra abierta y se desarrollar\u00e1 en el Club INVICO del Barrio Quintana.<\/p>\n\n\n\n<p>La iniciativa es organizada por el \u00c1rea de Adultos Mayores del Ministerio de Desarrollo Social, a cargo de Nelly Pintos.<\/p>\n\n\n\n<p>Esta propuesta ofrece la oportunidad de recrear a personas mayores de 60 a\u00f1os.&nbsp;Los interesados pueden inscribirse en el siguiente enlace:<\/p>\n\n\n\n<p><a href=\"https:\/\/docs.google.com\/forms\/d\/e\/1FAIpQLSe5vIpt9SWFTOr4gn2LUNe62nacRSfkIXkw5XhliPlts-cyLg\/viewform?usp=header\">https:\/\/docs.google.com\/forms\/d\/e\/1FAIpQLSe5vIpt9SWFTOr4gn2LUNe62nacRSfkIXkw5XhliPlts-cyLg\/viewform?usp=header<\/a><\/p>\n\n\n\n<p>\u00c9sta una de las actividades pensadas en el marco de las pol\u00edticas de recreaci\u00f3n y esparcimiento y es totalmente gratuita.<\/p>\n\n\n\n<p>La Colonia se desarrollar\u00e1 todos los d\u00edas viernes del mes de febrero, desde las 08.30 a 12.00 horas, brindando a los Adultos mayores la posibilidad de disfrutar de la pileta y de otras actividades recreativas (bailes, juegos, gimnasia pasiva y acu\u00e1tica) en su tiempo libre, en el Club INVICO del Barrio Quintana.<\/p>\n","protected":false},"excerpt":{"rendered":"<p>El Gobierno provincial, a trav\u00e9s del Ministerio de Desarrollo Social llevar\u00e1 adelante en el mes de febrero &nbsp;la Colonia de Vacaciones para Adultos Mayores. La inscripci\u00f3n ya se encuentra abierta&hellip; <\/p>\n","protected":false},"author":3,"featured_media":183780,"comment_status":"closed","ping_status":"open","sticky":false,"template":"","format":"standard","meta":{"footnotes":""},"categories":[23],"tags":[],"class_list":["post-183772","post","type-post","status-publish","format-standard","has-post-thumbnail","hentry","category-actualidad"],"_links":{"self":[{"href":"https:\/\/corrientesdetarde.com\/index.php\/wp-json\/wp\/v2\/posts\/183772","targetHints":{"allow":["GET"]}}],"collection":[{"href":"https:\/\/corrientesdetarde.com\/index.php\/wp-json\/wp\/v2\/posts"}],"about":[{"href":"https:\/\/corrientesdetarde.com\/index.php\/wp-json\/wp\/v2\/types\/post"}],"author":[{"embeddable":true,"href":"https:\/\/corrientesdetarde.com\/index.php\/wp-json\/wp\/v2\/users\/3"}],"replies":[{"embeddable":true,"href":"https:\/\/corrientesdetarde.com\/index.php\/wp-json\/wp\/v2\/comments?post=183772"}],"version-history":[{"count":1,"href":"https:\/\/corrientesdetarde.com\/index.php\/wp-json\/wp\/v2\/posts\/183772\/revisions"}],"predecessor-version":[{"id":183785,"href":"https:\/\/corrientesdetarde.com\/index.php\/wp-json\/wp\/v2\/posts\/183772\/revisions\/183785"}],"wp:featuredmedia":[{"embeddable":true,"href":"https:\/\/corrientesdetarde.com\/index.php\/wp-json\/wp\/v2\/media\/183780"}],"wp:attachment":[{"href":"https:\/\/corrientesdetarde.com\/index.php\/wp-json\/wp\/v2\/media?parent=183772"}],"wp:term":[{"taxonomy":"category","embeddable":true,"href":"https:\/\/corrientesdetarde.com\/index.php\/wp-json\/wp\/v2\/categories?post=183772"},{"taxonomy":"post_tag","embeddable":true,"href":"https:\/\/corrientesdetarde.com\/index.php\/wp-json\/wp\/v2\/tags?post=183772"}],"curies":[{"name":"wp","href":"https:\/\/api.w.org\/{rel}","templated":true}]}}