{"id":183775,"date":"2025-01-09T08:02:06","date_gmt":"2025-01-09T11:02:06","guid":{"rendered":"https:\/\/corrientesdetarde.com\/?p=183775"},"modified":"2025-01-09T08:02:08","modified_gmt":"2025-01-09T11:02:08","slug":"ips-informo-que-jubilados-y-pensionados-gozaran-de-descuentos-en-el-valor-de-entradas-para-la-fiesta-nacional-del-chamame","status":"publish","type":"post","link":"https:\/\/corrientesdetarde.com\/index.php\/destacados\/ips-informo-que-jubilados-y-pensionados-gozaran-de-descuentos-en-el-valor-de-entradas-para-la-fiesta-nacional-del-chamame\/","title":{"rendered":"IPS inform\u00f3 que jubilados y pensionados gozar\u00e1n de descuentos en el valor de entradas para la Fiesta Nacional del Chamam\u00e9"},"content":{"rendered":"\n<p>El interventor del Instituto de Previsi\u00f3n Social (IPS), H\u00e9ctor Mar\u00eda L\u00f3pez anunci\u00f3 que los jubilados y pensionados de toda la provincia contar\u00e1n con el beneficio del 20% de descuento en el valor de las entradas para la edici\u00f3n N\u00b0 34 de la Fiesta Nacional del Chamam\u00e9 que se llevar\u00e1 a cabo del 17 al 26 de enero.<\/p>\n\n\n\n<p>Esto se alcanz\u00f3 tras el acuerdo firmado con la titular del Instituto de Cultura, Beatriz Kunin y apunta a que los beneficiarios puedan disfrutar de uno de los mayores eventos culturales del a\u00f1o, que representa la identidad correntina. El convenio reafirma el trabajo coordinado entre \u00e1reas del Gobierno provincial.<\/p>\n\n\n\n<p>En tanto, el beneficio ser\u00e1 exclusivo con el carnet digital otorgando as\u00ed el 20% de descuentos en las entradas y ser\u00e1 v\u00e1lido para la compra de entradas f\u00edsicas en los puntos de ventas oficiales, hasta 2 (dos) entradas por jornadas.<\/p>\n","protected":false},"excerpt":{"rendered":"<p>El interventor del Instituto de Previsi\u00f3n Social (IPS), H\u00e9ctor Mar\u00eda L\u00f3pez anunci\u00f3 que los jubilados y pensionados de toda la provincia contar\u00e1n con el beneficio del 20% de descuento en&hellip; <\/p>\n","protected":false},"author":3,"featured_media":183782,"comment_status":"closed","ping_status":"open","sticky":false,"template":"","format":"standard","meta":{"footnotes":""},"categories":[26],"tags":[],"class_list":["post-183775","post","type-post","status-publish","format-standard","has-post-thumbnail","hentry","category-destacados"],"_links":{"self":[{"href":"https:\/\/corrientesdetarde.com\/index.php\/wp-json\/wp\/v2\/posts\/183775","targetHints":{"allow":["GET"]}}],"collection":[{"href":"https:\/\/corrientesdetarde.com\/index.php\/wp-json\/wp\/v2\/posts"}],"about":[{"href":"https:\/\/corrientesdetarde.com\/index.php\/wp-json\/wp\/v2\/types\/post"}],"author":[{"embeddable":true,"href":"https:\/\/corrientesdetarde.com\/index.php\/wp-json\/wp\/v2\/users\/3"}],"replies":[{"embeddable":true,"href":"https:\/\/corrientesdetarde.com\/index.php\/wp-json\/wp\/v2\/comments?post=183775"}],"version-history":[{"count":1,"href":"https:\/\/corrientesdetarde.com\/index.php\/wp-json\/wp\/v2\/posts\/183775\/revisions"}],"predecessor-version":[{"id":183788,"href":"https:\/\/corrientesdetarde.com\/index.php\/wp-json\/wp\/v2\/posts\/183775\/revisions\/183788"}],"wp:featuredmedia":[{"embeddable":true,"href":"https:\/\/corrientesdetarde.com\/index.php\/wp-json\/wp\/v2\/media\/183782"}],"wp:attachment":[{"href":"https:\/\/corrientesdetarde.com\/index.php\/wp-json\/wp\/v2\/media?parent=183775"}],"wp:term":[{"taxonomy":"category","embeddable":true,"href":"https:\/\/corrientesdetarde.com\/index.php\/wp-json\/wp\/v2\/categories?post=183775"},{"taxonomy":"post_tag","embeddable":true,"href":"https:\/\/corrientesdetarde.com\/index.php\/wp-json\/wp\/v2\/tags?post=183775"}],"curies":[{"name":"wp","href":"https:\/\/api.w.org\/{rel}","templated":true}]}}