{"id":183797,"date":"2025-01-09T09:00:36","date_gmt":"2025-01-09T12:00:36","guid":{"rendered":"https:\/\/corrientesdetarde.com\/?p=183797"},"modified":"2025-01-09T09:00:38","modified_gmt":"2025-01-09T12:00:38","slug":"salud-comunica-el-fallecimiento-de-dos-personas-en-el-predio-del-gauchito-gil","status":"publish","type":"post","link":"https:\/\/corrientesdetarde.com\/index.php\/bienestar-y-salud\/salud-comunica-el-fallecimiento-de-dos-personas-en-el-predio-del-gauchito-gil\/","title":{"rendered":"Salud comunica el fallecimiento de dos personas en el predio del Gauchito Gil"},"content":{"rendered":"\n<p><em>El director de Operativos Sanitarios, Eduardo Farizano, inform\u00f3 que murieron dos personas. Se trata de un hombre mayor de edad que falleci\u00f3 en un colectivo de larga distancia y el otro, un paciente tambi\u00e9n mayor de edad que fue derivado al hospital \u201cLas Mercedes\u201d, ambos con patolog\u00edas de base. En los dos casos, el equipo m\u00e9dico actu\u00f3 como corresponde y lamentablemente se produjo el fallecimiento de estos ciudadanos.&nbsp;<\/em><\/p>\n\n\n\n<p>En el marco de las celebraciones en honor al Gauchito Antonio Gil, el Ministerio de Salud P\u00fablica a cargo de Ricardo Cardozo, como cada a\u00f1o, lleva adelante un amplio despliegue sanitario. Desde las primeras horas del lunes, se encuentran instalados cuatro consultorios, cuatro ambulancias de traslado y un equipo integrado por 30 agentes, sobre la ruta N\u00ba 123. Se trabaja en forma conjunta con el hospital &#8220;Las Mercedes&#8221;.&nbsp;<\/p>\n\n\n\n<p>A la fecha, el equipo de Salud P\u00fablica realiz\u00f3 m\u00e1s de 168 atenciones en el predio y 43 pacientes fueron derivados. Las patolog\u00edas prevalentes son crisis hipertensivas, hipotensi\u00f3n, trastornos digestivos, golpes de calor y traumatismos por golpes.&nbsp;<\/p>\n\n\n\n<p>En la ma\u00f1ana de este mi\u00e9rcoles, el director de Operativos Sanitarios, Eduardo Farizano, inform\u00f3 que lamentablemente murieron dos personas.<\/p>\n\n\n\n<p>El primer caso, se trata de un hombre mayor de edad, que se encontraba en un colectivo de larga distancia con un contingente que ven\u00eda de otra provincia. Se acudi\u00f3 inmediatamente al recibir el pedido de asistencia y tras la evaluaci\u00f3n se constat\u00f3 que estaba muerto, por lo que se dio aviso a las autoridades policiales. La persona ten\u00eda patolog\u00edas de base.<\/p>\n\n\n\n<p>Con respecto al otro caso, el equipo m\u00e9dico concurri\u00f3 al lugar, donde realiz\u00f3 las primeras atenciones de urgencia, y luego la derivaci\u00f3n al hospital &#8220;Las Mercedes&#8221;, donde a pesar de los esfuerzos falleci\u00f3. El hombre mayor de edad, ten\u00eda antecedente de patolog\u00eda cardiovascular y obesidad.&nbsp;<\/p>\n\n\n\n<p>Tambi\u00e9n informaron que se realiz\u00f3 la derivaci\u00f3n de otro paciente, oriundo de Tierra del Fuego, a trav\u00e9s de la Red Provincial de Infarto Agudo de Miocardio a un centro de mayor complejidad de Capital.&nbsp;<\/p>\n\n\n\n<p>Desde esta instituci\u00f3n se recuerda la importancia de los cuidados que se deben tener ante las altas temperaturas. Es fundamental la hidrataci\u00f3n, evitar estar expuestos en horas donde el calor es m\u00e1s intenso, no dejar de tomar la medicaci\u00f3n habitual, consumir alimentos frescos y extremar estas medidas en los casos de personas con patolog\u00edas de riesgo y en ni\u00f1os.<\/p>\n","protected":false},"excerpt":{"rendered":"<p>El director de Operativos Sanitarios, Eduardo Farizano, inform\u00f3 que murieron dos personas. Se trata de un hombre mayor de edad que falleci\u00f3 en un colectivo de larga distancia y el&hellip; <\/p>\n","protected":false},"author":3,"featured_media":183803,"comment_status":"closed","ping_status":"open","sticky":false,"template":"","format":"standard","meta":{"footnotes":""},"categories":[16],"tags":[],"class_list":["post-183797","post","type-post","status-publish","format-standard","has-post-thumbnail","hentry","category-bienestar-y-salud"],"_links":{"self":[{"href":"https:\/\/corrientesdetarde.com\/index.php\/wp-json\/wp\/v2\/posts\/183797","targetHints":{"allow":["GET"]}}],"collection":[{"href":"https:\/\/corrientesdetarde.com\/index.php\/wp-json\/wp\/v2\/posts"}],"about":[{"href":"https:\/\/corrientesdetarde.com\/index.php\/wp-json\/wp\/v2\/types\/post"}],"author":[{"embeddable":true,"href":"https:\/\/corrientesdetarde.com\/index.php\/wp-json\/wp\/v2\/users\/3"}],"replies":[{"embeddable":true,"href":"https:\/\/corrientesdetarde.com\/index.php\/wp-json\/wp\/v2\/comments?post=183797"}],"version-history":[{"count":1,"href":"https:\/\/corrientesdetarde.com\/index.php\/wp-json\/wp\/v2\/posts\/183797\/revisions"}],"predecessor-version":[{"id":183848,"href":"https:\/\/corrientesdetarde.com\/index.php\/wp-json\/wp\/v2\/posts\/183797\/revisions\/183848"}],"wp:featuredmedia":[{"embeddable":true,"href":"https:\/\/corrientesdetarde.com\/index.php\/wp-json\/wp\/v2\/media\/183803"}],"wp:attachment":[{"href":"https:\/\/corrientesdetarde.com\/index.php\/wp-json\/wp\/v2\/media?parent=183797"}],"wp:term":[{"taxonomy":"category","embeddable":true,"href":"https:\/\/corrientesdetarde.com\/index.php\/wp-json\/wp\/v2\/categories?post=183797"},{"taxonomy":"post_tag","embeddable":true,"href":"https:\/\/corrientesdetarde.com\/index.php\/wp-json\/wp\/v2\/tags?post=183797"}],"curies":[{"name":"wp","href":"https:\/\/api.w.org\/{rel}","templated":true}]}}