{"id":183990,"date":"2025-01-10T09:00:29","date_gmt":"2025-01-10T12:00:29","guid":{"rendered":"https:\/\/corrientesdetarde.com\/?p=183990"},"modified":"2025-01-10T09:00:30","modified_gmt":"2025-01-10T12:00:30","slug":"macri-y-el-guino-a-milei-que-pasara-con-el-pro-y-lla-en-corrientes","status":"publish","type":"post","link":"https:\/\/corrientesdetarde.com\/index.php\/politica\/macri-y-el-guino-a-milei-que-pasara-con-el-pro-y-lla-en-corrientes\/","title":{"rendered":"Macri y el gui\u00f1o a Milei: \u00bfqu\u00e9 pasar\u00e1 con el PRO y LLA en Corrientes?"},"content":{"rendered":"\n<p>El expresidente respondi\u00f3 a la propuesta del libertario para una posible alianza electoral. En la provincial hay un PRO atomizado y La Libertad Avanza a\u00fan sin referentes claros para candidaturas. \u00bfUnificar\u00e1n estrategias en lo local?<\/p>\n\n\n\n<p>El a\u00f1o electoral arranca bien temprano, tanto a nivel nacional como provincial. A esta altura, comienzan a haber los primeros movimientos de posicionamiento en los distintos espacios pol\u00edticos y el bosquejo de posibles agrupamientos de cara a los turnos electorales.<\/p>\n\n\n\n<p>As\u00ed, el expresidente Mauricio Macri respondi\u00f3 este jueves a la propuesta de Javier Milei de conformar un frente electoral de cara a las elecciones legislativas entre el PRO y La Libertad Avanza (LLA).<\/p>\n\n\n\n<p>&#8220;Estoy seguro de que podemos representar juntos las banderas del cambio, la libertad y las instituciones&#8221;, expres\u00f3 Macri en sus redes sociales.<\/p>\n\n\n\n<p>Un d\u00eda antes, el propio Milei hab\u00eda dejado abierta la puerta a un acuerdo electoral con el l\u00edder del PRO en todo el pa\u00eds: &#8220;Vayamos juntos y arrasemos al kirchnerismo en las elecciones&#8221;, afirm\u00f3 el libertario.<\/p>\n\n\n\n<p>Ante este nuevo acercamiento para una alianza electoralista surge una pregunta para el escenario local: \u00bfqu\u00e9 pasar\u00e1 con el PRO y LLA en Corrientes?<\/p>\n\n\n\n<p>Bueno, el terreno correntino est\u00e1 un poco confuso a esta altura del a\u00f1o, sobre todo por parte de la fuerza liderada por Macri. Ac\u00e1 a\u00fan hay secuelas de la cruenta interna en Juntos por el Cambio que protagonizaron el a\u00f1o pasado -para las presidenciales- Patricia Bullrich y Horacio Rodr\u00edguez Larreta. Pero tambi\u00e9n todav\u00eda persiste el oleaje por las diferencias que vinieron despu\u00e9s, entre Bullrich y Macri, ya con ella como ministra de Seguridad de Milei.<\/p>\n\n\n\n<p>Actualmente no hay referentes claros del partido, Incluso hasta finales del 2024 hubo una pulseada judicial por la presidencia de la fuerza en la provincia.<\/p>\n\n\n\n<p>En su momento, estuvo el dirigente libre\u00f1o Dami\u00e1n Garavano, quien \u0096incluso- sali\u00f3 eyectado del cargo provincia de segunda l\u00ednea que reportaba en el gobierno de Gustavo Vald\u00e9s. Fue producto tambi\u00e9n del contexto interno y de alianzas que gener\u00f3 enormes gritas en JXC y sobre todo en el PRO.<\/p>\n\n\n\n<p>La diputada nacional Sof\u00eda Brambilla es del PRO y vence mandato este a\u00f1o. \u00bfIr\u00e1 por la reelecci\u00f3n? \u00bfY si es as\u00ed, con qu\u00e9 alianza? Se sabe que la legisladora oriunda de Goya es una fiel integrante de las filas de Macri.<\/p>\n\n\n\n<p>Despu\u00e9s est\u00e1 Ingrid Jetter, exdiputada nacional del PRO y actual funcionaria del gobierno de Milei, a trav\u00e9s de Canciller\u00eda y con respaldo de Bullrich. Ingrid siempre jug\u00f3 fuerte en esas filas de Patricia, excandidata a presidente. Habr\u00e1 que ver qu\u00e9 papel jugar\u00e1 Jetter en las nacionales. Aunque tampoco se descarta su vuelta al terreno local, yendo como candidata a intendente para volver a comandar su localidad, Riachuelo. \u00bfIr\u00e1 con los libertarios?<\/p>\n\n\n\n<p>Tambi\u00e9n como PRO aparece la diputada provincial Lorena Lazaroff, quien es parte de la alianza &#8220;Vamos Corrientes&#8221;, liderada por el gobernador Vald\u00e9s. Incluso se la vio participando en algunos actos de dicho espacio pol\u00edtico celebrados a finales del 2024. Como legisladora tiene mandato por dos a\u00f1os m\u00e1s. \u00bfPero, en lo local, trabajar\u00e1 solo para &#8220;Vamos Corrientes&#8221; o habr\u00e1 acercamientos con libertarios?<\/p>\n\n\n\n<p>A nivel ciudad, la concejal Mercedes Mestres es tambi\u00e9n del PRO y vence mandato este a\u00f1o. En su caso, marc\u00f3 siempre distancia con el pensamiento libertario. \u00bfMarcar\u00e1 un distanciamiento en las elecciones de este a\u00f1o?<\/p>\n\n\n\n<p>En el caso de La Libertad Avanza, en Corrientes a\u00fan no tiene referentes claros para candidaturas. Hay m\u00e1s protagonismos virtuales por las redes sociales, que intenciones claras.<\/p>\n\n\n\n<p>Existen al menos cuatro vertientes por donde se muestran un par de candidatos (expl\u00edcita e impl\u00edcitamente), pero nadie que pueda aglutinar todo el espacio. Tampoco est\u00e1 claro si realmente este espacio est\u00e1 despejado de todo vestigio de &#8220;casta&#8221; pol\u00edtica.<\/p>\n\n\n\n<p>Lo cierto es que siempre hay diferencias entre un escenario de elecciones provinciales y las nacionales. De hecho habr\u00e1 desdoblamiento, como es habitual, pero tambi\u00e9n se sabe que el propio oficialismo reforzar\u00e1 esa estrategia de despegar las provinciales de las nacionales.<\/p>\n\n\n\n<p>A nivel pa\u00eds es casi fundamental estas elecciones de medio tiempo para La Libertad Avanza, porque buscar\u00e1 ganar la mayor cantidad de bancas para tratar de cambiar el panorama en el Congreso nacional.<\/p>\n\n\n\n<p>Este a\u00f1o, Corrientes elige todos los cargos ejecutivos en la Provincia y en cada municipio. Habr\u00e1 que ver c\u00f3mo se define cada estrategia.<\/p>\n","protected":false},"excerpt":{"rendered":"<p>El expresidente respondi\u00f3 a la propuesta del libertario para una posible alianza electoral. En la provincial hay un PRO atomizado y La Libertad Avanza a\u00fan sin referentes claros para candidaturas.&hellip; <\/p>\n","protected":false},"author":3,"featured_media":184006,"comment_status":"closed","ping_status":"open","sticky":false,"template":"","format":"standard","meta":{"footnotes":""},"categories":[3],"tags":[],"class_list":["post-183990","post","type-post","status-publish","format-standard","has-post-thumbnail","hentry","category-politica"],"_links":{"self":[{"href":"https:\/\/corrientesdetarde.com\/index.php\/wp-json\/wp\/v2\/posts\/183990","targetHints":{"allow":["GET"]}}],"collection":[{"href":"https:\/\/corrientesdetarde.com\/index.php\/wp-json\/wp\/v2\/posts"}],"about":[{"href":"https:\/\/corrientesdetarde.com\/index.php\/wp-json\/wp\/v2\/types\/post"}],"author":[{"embeddable":true,"href":"https:\/\/corrientesdetarde.com\/index.php\/wp-json\/wp\/v2\/users\/3"}],"replies":[{"embeddable":true,"href":"https:\/\/corrientesdetarde.com\/index.php\/wp-json\/wp\/v2\/comments?post=183990"}],"version-history":[{"count":1,"href":"https:\/\/corrientesdetarde.com\/index.php\/wp-json\/wp\/v2\/posts\/183990\/revisions"}],"predecessor-version":[{"id":184047,"href":"https:\/\/corrientesdetarde.com\/index.php\/wp-json\/wp\/v2\/posts\/183990\/revisions\/184047"}],"wp:featuredmedia":[{"embeddable":true,"href":"https:\/\/corrientesdetarde.com\/index.php\/wp-json\/wp\/v2\/media\/184006"}],"wp:attachment":[{"href":"https:\/\/corrientesdetarde.com\/index.php\/wp-json\/wp\/v2\/media?parent=183990"}],"wp:term":[{"taxonomy":"category","embeddable":true,"href":"https:\/\/corrientesdetarde.com\/index.php\/wp-json\/wp\/v2\/categories?post=183990"},{"taxonomy":"post_tag","embeddable":true,"href":"https:\/\/corrientesdetarde.com\/index.php\/wp-json\/wp\/v2\/tags?post=183990"}],"curies":[{"name":"wp","href":"https:\/\/api.w.org\/{rel}","templated":true}]}}