{"id":183992,"date":"2025-01-10T09:00:27","date_gmt":"2025-01-10T12:00:27","guid":{"rendered":"https:\/\/corrientesdetarde.com\/?p=183992"},"modified":"2025-01-10T09:00:28","modified_gmt":"2025-01-10T12:00:28","slug":"al-filo-de-una-tragedia-roce-entre-un-camion-y-omnibus-en-ruta-14","status":"publish","type":"post","link":"https:\/\/corrientesdetarde.com\/index.php\/informacion-general\/al-filo-de-una-tragedia-roce-entre-un-camion-y-omnibus-en-ruta-14\/","title":{"rendered":"Al filo de una tragedia: roce entre un cami\u00f3n y \u00f3mnibus en ruta 14"},"content":{"rendered":"\n<p>Los veh\u00edculos estuvieron a poco de un choque frontal. En el colectivo de larga distancia hab\u00eda 38 pasajeros, de los cuales 5 sufrieron cortes con vidrios.<\/p>\n\n\n\n<p>Varias personas salvaron sus vidas de milagro. Un \u00f3mnibus de larga distancia y un cami\u00f3n con semirremolque estuvieron a pocos cent\u00edmetros de colisionar frontalmente sobre la ruta nacional 14, en la localidad correntina de General Alvear.<\/p>\n\n\n\n<p>Ambos veh\u00edculos se rozaron y cinco de los treinta y ocho pasajeros del colectivo resultaron con heridas leves producto de estallidos de cristales.<\/p>\n\n\n\n<p>El siniestro de tr\u00e1nsito fue registrado alrededor de las 7 en el kil\u00f3metro 614, informaron a \u00e9poca fuentes policiales.<\/p>\n\n\n\n<p>Los veh\u00edculos involucrados fueron un transporte de cargas Volkswagen 19-320 que transitaba vac\u00edo desde la provincia de Misiones hacia la provincia de Entre R\u00edos, y un \u00f3mnibus de la empresa R\u00edo Uruguay, que lo hac\u00eda desde Buenos Aires hacia la ciudad misionera de Posadas.<\/p>\n\n\n\n<figure class=\"wp-block-image\"><img decoding=\"async\" src=\"https:\/\/www.diarioepoca.com\/content\/bucket\/7\/1405837w380h212c.jpg.webp\" alt=\"\"\/><\/figure>\n\n\n\n<p>Uno de los veh\u00edculos se desvi\u00f3 hacia el carril contrario y por poco no sucedi\u00f3 un impacto de frente. Sin embargo, la cabina del cami\u00f3n y la estructura del semirremolque ocasionaron da\u00f1os a lo largo del lateral izquierdo del \u00f3mnibus.<\/p>\n\n\n\n<p>Seis ventanales del micro terminaron hecho a\u00f1icos y buena parte de las esquirlas cayeron encima de los pasajeros, principalmente de quienes ocupaban el piso inferior de la unidad.<\/p>\n\n\n\n<p>Polic\u00edas de la comisar\u00eda local, efectivos de la Gendarmer\u00eda Nacional, una dotaci\u00f3n de bomberos voluntarios y personal sanitario.<\/p>\n\n\n\n<p>Los pasajeros lesionados debieron ser conducidos al hospital local para recibir las curaciones necesarias.<\/p>\n","protected":false},"excerpt":{"rendered":"<p>Los veh\u00edculos estuvieron a poco de un choque frontal. En el colectivo de larga distancia hab\u00eda 38 pasajeros, de los cuales 5 sufrieron cortes con vidrios. Varias personas salvaron sus&hellip; <\/p>\n","protected":false},"author":3,"featured_media":184005,"comment_status":"closed","ping_status":"open","sticky":false,"template":"","format":"standard","meta":{"footnotes":""},"categories":[1],"tags":[],"class_list":["post-183992","post","type-post","status-publish","format-standard","has-post-thumbnail","hentry","category-informacion-general"],"_links":{"self":[{"href":"https:\/\/corrientesdetarde.com\/index.php\/wp-json\/wp\/v2\/posts\/183992","targetHints":{"allow":["GET"]}}],"collection":[{"href":"https:\/\/corrientesdetarde.com\/index.php\/wp-json\/wp\/v2\/posts"}],"about":[{"href":"https:\/\/corrientesdetarde.com\/index.php\/wp-json\/wp\/v2\/types\/post"}],"author":[{"embeddable":true,"href":"https:\/\/corrientesdetarde.com\/index.php\/wp-json\/wp\/v2\/users\/3"}],"replies":[{"embeddable":true,"href":"https:\/\/corrientesdetarde.com\/index.php\/wp-json\/wp\/v2\/comments?post=183992"}],"version-history":[{"count":1,"href":"https:\/\/corrientesdetarde.com\/index.php\/wp-json\/wp\/v2\/posts\/183992\/revisions"}],"predecessor-version":[{"id":184046,"href":"https:\/\/corrientesdetarde.com\/index.php\/wp-json\/wp\/v2\/posts\/183992\/revisions\/184046"}],"wp:featuredmedia":[{"embeddable":true,"href":"https:\/\/corrientesdetarde.com\/index.php\/wp-json\/wp\/v2\/media\/184005"}],"wp:attachment":[{"href":"https:\/\/corrientesdetarde.com\/index.php\/wp-json\/wp\/v2\/media?parent=183992"}],"wp:term":[{"taxonomy":"category","embeddable":true,"href":"https:\/\/corrientesdetarde.com\/index.php\/wp-json\/wp\/v2\/categories?post=183992"},{"taxonomy":"post_tag","embeddable":true,"href":"https:\/\/corrientesdetarde.com\/index.php\/wp-json\/wp\/v2\/tags?post=183992"}],"curies":[{"name":"wp","href":"https:\/\/api.w.org\/{rel}","templated":true}]}}