{"id":184014,"date":"2025-01-10T10:00:42","date_gmt":"2025-01-10T13:00:42","guid":{"rendered":"https:\/\/corrientesdetarde.com\/?p=184014"},"modified":"2025-01-10T10:00:54","modified_gmt":"2025-01-10T13:00:54","slug":"obrero-accidentado-en-su-trabajo","status":"publish","type":"post","link":"https:\/\/corrientesdetarde.com\/index.php\/policiales\/obrero-accidentado-en-su-trabajo\/","title":{"rendered":"Obrero accidentado en su trabajo"},"content":{"rendered":"\n<p>Un obrero de la construcci\u00f3n result\u00f3 con algunas heridas como consecuencia de la ca\u00edda a un pozo de dos metros de profundidad, debido a un desprendimiento de tierra.<\/p>\n\n\n\n<p>El accidente laboral sucedi\u00f3 ayer a la ma\u00f1ana en una obra ubicada en Lavalle y El\u00edas Abad de la capital provincial.<\/p>\n\n\n\n<p>Alrededor de las 8:30, una dotaci\u00f3n de bomberos voluntarios y otra unidad de bomberos de la Polic\u00eda respondieron al pedido de auxilio emitido desde el sistema de emergencias 911.<\/p>\n\n\n\n<p>Los socorristas inmovilizaron al trabajador y lo sacaron con uso de sogas para que despu\u00e9s sea llevado al Hospital Escuela en una ambulancia.<\/p>\n\n\n\n<p>De acuerdo a lo comentado, al caer, el obrero se habr\u00eda golpeado la espalda contra un hierro.<\/p>\n","protected":false},"excerpt":{"rendered":"<p>Un obrero de la construcci\u00f3n result\u00f3 con algunas heridas como consecuencia de la ca\u00edda a un pozo de dos metros de profundidad, debido a un desprendimiento de tierra. El accidente&hellip; <\/p>\n","protected":false},"author":3,"featured_media":184022,"comment_status":"closed","ping_status":"open","sticky":false,"template":"","format":"standard","meta":{"footnotes":""},"categories":[33],"tags":[],"class_list":["post-184014","post","type-post","status-publish","format-standard","has-post-thumbnail","hentry","category-policiales"],"_links":{"self":[{"href":"https:\/\/corrientesdetarde.com\/index.php\/wp-json\/wp\/v2\/posts\/184014","targetHints":{"allow":["GET"]}}],"collection":[{"href":"https:\/\/corrientesdetarde.com\/index.php\/wp-json\/wp\/v2\/posts"}],"about":[{"href":"https:\/\/corrientesdetarde.com\/index.php\/wp-json\/wp\/v2\/types\/post"}],"author":[{"embeddable":true,"href":"https:\/\/corrientesdetarde.com\/index.php\/wp-json\/wp\/v2\/users\/3"}],"replies":[{"embeddable":true,"href":"https:\/\/corrientesdetarde.com\/index.php\/wp-json\/wp\/v2\/comments?post=184014"}],"version-history":[{"count":1,"href":"https:\/\/corrientesdetarde.com\/index.php\/wp-json\/wp\/v2\/posts\/184014\/revisions"}],"predecessor-version":[{"id":184050,"href":"https:\/\/corrientesdetarde.com\/index.php\/wp-json\/wp\/v2\/posts\/184014\/revisions\/184050"}],"wp:featuredmedia":[{"embeddable":true,"href":"https:\/\/corrientesdetarde.com\/index.php\/wp-json\/wp\/v2\/media\/184022"}],"wp:attachment":[{"href":"https:\/\/corrientesdetarde.com\/index.php\/wp-json\/wp\/v2\/media?parent=184014"}],"wp:term":[{"taxonomy":"category","embeddable":true,"href":"https:\/\/corrientesdetarde.com\/index.php\/wp-json\/wp\/v2\/categories?post=184014"},{"taxonomy":"post_tag","embeddable":true,"href":"https:\/\/corrientesdetarde.com\/index.php\/wp-json\/wp\/v2\/tags?post=184014"}],"curies":[{"name":"wp","href":"https:\/\/api.w.org\/{rel}","templated":true}]}}