{"id":184129,"date":"2025-01-10T17:42:00","date_gmt":"2025-01-10T20:42:00","guid":{"rendered":"https:\/\/corrientesdetarde.com\/?p=184129"},"modified":"2025-01-10T18:02:31","modified_gmt":"2025-01-10T21:02:31","slug":"un-avion-se-estrello-en-la-costa-de-san-pablo","status":"publish","type":"post","link":"https:\/\/corrientesdetarde.com\/index.php\/internacionales\/un-avion-se-estrello-en-la-costa-de-san-pablo\/","title":{"rendered":"Un avi\u00f3n se estrell\u00f3 en la costa de San Pablo."},"content":{"rendered":"\n<h2 class=\"wp-block-heading\">Entre las personas auxiliadas se encuentran dos nenes. De acuerdo con la hip\u00f3tesis inicial, el tramo de la pista elegido por el piloto para el aterrizaje era muy corto.<\/h2>\n\n\n\n<p>Una avioneta intent\u00f3 aterrizar en el Aeropuerto de Ubatuba, se sali\u00f3 de la pista y se estrell\u00f3 en la costa de San Pablo. En el vuelo viajaban cinco personas.\u00a0<strong>El \u00fanico fallecido confirmado hasta el momento es el piloto de la aeronave, mientras que una familia compuesta por una pareja y dos ni\u00f1os fue rescatada<\/strong>.<\/p>\n\n\n\n<p>Las cuatro personas fueron trasladadas a un hospital cercano, donde comenzaron a recibir la atenci\u00f3n necesaria. El hombre, de 48 a\u00f1os, y sus dos hijos, de 6 y 4, est\u00e1n estables, de acuerdo con informaci\u00f3n de\u00a0<em>G1<\/em>. Mientras que\u00a0<strong>la mujer, de 41 a\u00f1os, est\u00e1 en estado grave<\/strong>.<\/p>\n\n\n\n<h2 class=\"wp-block-heading\">\u201cNo recordamos la \u00faltima vez que un avi\u00f3n a reacci\u00f3n aterriz\u00f3 en ese aeropuerto\u201d<\/h2>\n\n\n\n<p>Durante la ma\u00f1ana el jueves 9 de enero, la Municipalidad de Ubatuba inform\u00f3 inicialmente que hab\u00edan muerto dos personas. Este dato fue corregido luego por el ente, indicando que solo hab\u00eda un muerto, el piloto. Aunque hay una investigaci\u00f3n en desarrollo, las hip\u00f3tesis iniciales apuntan a que&nbsp;<strong>hay una relaci\u00f3n entre el tipo de avioneta y las dimensiones de la pista<\/strong>.<\/p>\n\n\n\n<p>De acuerdo con el diario&nbsp;<em>O Globo<\/em>,&nbsp;<strong>la pista \u201cno era lo suficientemente larga<\/strong>, en la direcci\u00f3n elegida por el piloto, para que el modelo involucrado en el accidente aterrizara, seg\u00fan datos de la Fuerza A\u00e9rea Brasile\u00f1a (FAB) y las especificaciones del fabricante\u201d. La avioneta del hecho es una&nbsp;<strong>Cessna Citation 525<\/strong>. Seg\u00fan&nbsp;<em>G1<\/em>, este tipo de naves necesitan al menos 838 metros para detenerse. El tramo elegido por el piloto en el Aeropuerto de Ubatuba tiene 560.<\/p>\n\n\n\n<p>En declaraciones dadas a&nbsp;<em>G1<\/em>, Marcel Moure, director general de Rede VOA, la empresa responsable de la gesti\u00f3n del aeropuerto, indic\u00f3 que se trata de un caso extra\u00f1o. \u201c<strong>No recordamos la \u00faltima vez que un avi\u00f3n a reacci\u00f3n aterriz\u00f3 en ese aeropuerto. Es muy raro<\/strong>\u201d.<\/p>\n\n\n\n<p>Los aviones a reacci\u00f3n son aquellos que cuentan con motores que generan gases que lo impulsan hacia adelante. As\u00ed como generan m\u00e1s velocidad al momento de despegar y pueden alcanzar una velocidad de 800 kil\u00f3metros por hora, al momento de aterrizar tambi\u00e9n van m\u00e1s r\u00e1pido que los aviones turboh\u00e9lices. \u201cNos sorprendi\u00f3. Al parecer, seg\u00fan las c\u00e1maras de nuestro aeropuerto, el punto de contacto del avi\u00f3n estaba justo en frente de esa cebra (la se\u00f1alizaci\u00f3n). Los (alrededor de) 600 metros necesarios eran cr\u00edticos para esta operaci\u00f3n\u201d, agreg\u00f3 Moure.<\/p>\n\n\n\n<p>El Aeropuerto de Ubatuba est\u00e1 rodeado de viviendas. Delante de s\u00ed, tiene el mar y, detr\u00e1s, la monta\u00f1a.&nbsp;<strong>Es considerado el principal aeropuerto tur\u00edstico de la costa norte de&nbsp;<\/strong>San Pablo. En el hecho, es probable que tambi\u00e9n influyeran el estado del clima, marcado por una niebla que proven\u00eda de las monta\u00f1as, adem\u00e1s de las condiciones t\u00e9cnicas mencionadas.<\/p>\n","protected":false},"excerpt":{"rendered":"<p>Entre las personas auxiliadas se encuentran dos nenes. De acuerdo con la hip\u00f3tesis inicial, el tramo de la pista elegido por el piloto para el aterrizaje era muy corto. Una&hellip; <\/p>\n","protected":false},"author":6,"featured_media":184131,"comment_status":"closed","ping_status":"open","sticky":false,"template":"","format":"standard","meta":{"footnotes":""},"categories":[11],"tags":[],"class_list":["post-184129","post","type-post","status-publish","format-standard","has-post-thumbnail","hentry","category-internacionales"],"_links":{"self":[{"href":"https:\/\/corrientesdetarde.com\/index.php\/wp-json\/wp\/v2\/posts\/184129","targetHints":{"allow":["GET"]}}],"collection":[{"href":"https:\/\/corrientesdetarde.com\/index.php\/wp-json\/wp\/v2\/posts"}],"about":[{"href":"https:\/\/corrientesdetarde.com\/index.php\/wp-json\/wp\/v2\/types\/post"}],"author":[{"embeddable":true,"href":"https:\/\/corrientesdetarde.com\/index.php\/wp-json\/wp\/v2\/users\/6"}],"replies":[{"embeddable":true,"href":"https:\/\/corrientesdetarde.com\/index.php\/wp-json\/wp\/v2\/comments?post=184129"}],"version-history":[{"count":2,"href":"https:\/\/corrientesdetarde.com\/index.php\/wp-json\/wp\/v2\/posts\/184129\/revisions"}],"predecessor-version":[{"id":184135,"href":"https:\/\/corrientesdetarde.com\/index.php\/wp-json\/wp\/v2\/posts\/184129\/revisions\/184135"}],"wp:featuredmedia":[{"embeddable":true,"href":"https:\/\/corrientesdetarde.com\/index.php\/wp-json\/wp\/v2\/media\/184131"}],"wp:attachment":[{"href":"https:\/\/corrientesdetarde.com\/index.php\/wp-json\/wp\/v2\/media?parent=184129"}],"wp:term":[{"taxonomy":"category","embeddable":true,"href":"https:\/\/corrientesdetarde.com\/index.php\/wp-json\/wp\/v2\/categories?post=184129"},{"taxonomy":"post_tag","embeddable":true,"href":"https:\/\/corrientesdetarde.com\/index.php\/wp-json\/wp\/v2\/tags?post=184129"}],"curies":[{"name":"wp","href":"https:\/\/api.w.org\/{rel}","templated":true}]}}