{"id":184132,"date":"2025-01-10T17:49:00","date_gmt":"2025-01-10T20:49:00","guid":{"rendered":"https:\/\/corrientesdetarde.com\/?p=184132"},"modified":"2025-01-10T18:06:57","modified_gmt":"2025-01-10T21:06:57","slug":"murio-el-joven-internado-tras-el-choque-de-una-camioneta-contra-un-arbol","status":"publish","type":"post","link":"https:\/\/corrientesdetarde.com\/index.php\/policiales\/murio-el-joven-internado-tras-el-choque-de-una-camioneta-contra-un-arbol\/","title":{"rendered":"Muri\u00f3 el joven internado tras el choque de una camioneta contra un \u00e1rbol."},"content":{"rendered":"\n<h2 class=\"wp-block-heading\">La v\u00edctima ten\u00eda 19 a\u00f1os y estaba internado.<\/h2>\n\n\n\n<p>Muri\u00f3 el joven que estaba internado tras el choque de una camioneta contra un \u00e1rbol en la costanera de la ciudad correntina de Monte Caseros.<\/p>\n\n\n\n<p>Se trata de Tadeo D\u00edaz Argento de 19 a\u00f1os, quien hab\u00eda sido trasladado en grave estado al Hospital de Paso de los Libres.<\/p>\n\n\n\n<p>El accidente se registr\u00f3 el pasado viernes, cuando una Ford Ranger impact\u00f3 contra un \u00e1rbol y cuatro j\u00f3venes resultaron heridos, de los cuales dos (un hombre y una mujer) resultaron con lesiones de gravedad.\u00a0<\/p>\n\n\n\n<p>Por su cuadro m\u00e9dico D\u00edaz fue llevado a Libres, donde falleci\u00f3 tras permanecer en Terapia Intensiva.<\/p>\n\n\n\n<p>Entre tanto, la otra joven que result\u00f3 grave, fue identificada como Julieta S\u00e1nchez, se encuentra internada en el Hospital Escuela de la capital provincial.&nbsp;<\/p>\n\n\n\n<p>&nbsp;De acuerdo al \u00faltimo parte m\u00e9dico S\u00e1nchez est\u00e1 sin sedaci\u00f3n, estable hemodin\u00e1micamente, sin infecci\u00f3n agregada y con una conducta expectante, seg\u00fan lo inform\u00f3 el director del Hospital Robinson de Monte Caseros, Marcelo Ceccato, al portal Monte Caseros Online.<\/p>\n","protected":false},"excerpt":{"rendered":"<p>La v\u00edctima ten\u00eda 19 a\u00f1os y estaba internado. Muri\u00f3 el joven que estaba internado tras el choque de una camioneta contra un \u00e1rbol en la costanera de la ciudad correntina&hellip; <\/p>\n","protected":false},"author":6,"featured_media":184139,"comment_status":"closed","ping_status":"open","sticky":false,"template":"","format":"standard","meta":{"footnotes":""},"categories":[33],"tags":[],"class_list":["post-184132","post","type-post","status-publish","format-standard","has-post-thumbnail","hentry","category-policiales"],"_links":{"self":[{"href":"https:\/\/corrientesdetarde.com\/index.php\/wp-json\/wp\/v2\/posts\/184132","targetHints":{"allow":["GET"]}}],"collection":[{"href":"https:\/\/corrientesdetarde.com\/index.php\/wp-json\/wp\/v2\/posts"}],"about":[{"href":"https:\/\/corrientesdetarde.com\/index.php\/wp-json\/wp\/v2\/types\/post"}],"author":[{"embeddable":true,"href":"https:\/\/corrientesdetarde.com\/index.php\/wp-json\/wp\/v2\/users\/6"}],"replies":[{"embeddable":true,"href":"https:\/\/corrientesdetarde.com\/index.php\/wp-json\/wp\/v2\/comments?post=184132"}],"version-history":[{"count":2,"href":"https:\/\/corrientesdetarde.com\/index.php\/wp-json\/wp\/v2\/posts\/184132\/revisions"}],"predecessor-version":[{"id":184140,"href":"https:\/\/corrientesdetarde.com\/index.php\/wp-json\/wp\/v2\/posts\/184132\/revisions\/184140"}],"wp:featuredmedia":[{"embeddable":true,"href":"https:\/\/corrientesdetarde.com\/index.php\/wp-json\/wp\/v2\/media\/184139"}],"wp:attachment":[{"href":"https:\/\/corrientesdetarde.com\/index.php\/wp-json\/wp\/v2\/media?parent=184132"}],"wp:term":[{"taxonomy":"category","embeddable":true,"href":"https:\/\/corrientesdetarde.com\/index.php\/wp-json\/wp\/v2\/categories?post=184132"},{"taxonomy":"post_tag","embeddable":true,"href":"https:\/\/corrientesdetarde.com\/index.php\/wp-json\/wp\/v2\/tags?post=184132"}],"curies":[{"name":"wp","href":"https:\/\/api.w.org\/{rel}","templated":true}]}}