{"id":184156,"date":"2025-01-10T18:35:00","date_gmt":"2025-01-10T21:35:00","guid":{"rendered":"https:\/\/corrientesdetarde.com\/?p=184156"},"modified":"2025-01-10T18:34:36","modified_gmt":"2025-01-10T21:34:36","slug":"el-banco-central-compro-usd-678-millones-en-el-mercado-en-la-ultima-semana","status":"publish","type":"post","link":"https:\/\/corrientesdetarde.com\/index.php\/economia\/el-banco-central-compro-usd-678-millones-en-el-mercado-en-la-ultima-semana\/","title":{"rendered":"El Banco Central compr\u00f3 USD 678 millones en el mercado en la \u00faltima semana."},"content":{"rendered":"\n<h2 class=\"wp-block-heading\">La entidad monetaria se alz\u00f3 este viernes con USD 167 millones por su intervenci\u00f3n cambiaria. Las reservas quedaron en USD 31.039 millones y en la semana cedieron USD 1.705 millones por el pago de bonos.<\/h2>\n\n\n\n<p>El\u00a0<strong>BCRA compr\u00f3 este viernes USD 167 millones<\/strong>\u00a0en el mercado de cambios, donde se operaron USD 458,6 millones en el segmento de contado. A lo largo de cinco ruedas la entidad acumul\u00f3 compras por USD 678 millones, mientras que en lo que va de enero el saldo a favor se ampl\u00eda a<strong>\u00a0USD 876 millones de d\u00f3lares.<\/strong><\/p>\n\n\n\n<p>Las<strong>&nbsp;reservas<\/strong>&nbsp;internacionales brutas&nbsp;<strong>aumentaron este viernes en USD 135 millones, a 31.039 millones&nbsp;<\/strong>de d\u00f3lares.&nbsp;<strong>En la semana descendieron en USD 1.705 millones<\/strong>, principalmente por el pago de bonos en d\u00f3lares que se acreditaron en cuentas del exterior (unos USD 1.600 millones el mi\u00e9rcoles y otros USD 370 millones el jueves).<\/p>\n\n\n\n<p>Desde que<strong>&nbsp;Javier Milei&nbsp;<\/strong>lleg\u00f3 al Gobierno, las compras netas ejecutadas por el Banco Central en la plaza de contado ascienden a unos 22.516 millones de d\u00f3lares. Asimismo, las reservas brutas marcaron en el mismo plazo un ascenso de USD 9.831 millones o un 46,4%, desde los USD 21.208 millones del 7 de diciembre de 2023.<\/p>\n\n\n\n<p><strong>Saldo de compraventa de d\u00f3lares en el mercado que efect\u00faa el BCRA<\/strong><\/p>\n\n\n\n<p>\u201cEl INDEC publicar\u00e1 el IPC nacional de diciembre el pr\u00f3ximo martes, y los analistas privados proyectan que la inflaci\u00f3n se sit\u00fae entre el 2,3% y el 2,5%. De ser as\u00ed, el presidente Milei afirm\u00f3 que el&nbsp;<em>crawling peg<\/em>&nbsp;se reducir\u00e1 al 1%, algo que se espera para la pr\u00f3xima semana. Al mismo tiempo, creemos que el Banco Central reducir\u00e1 las tasas en 500 puntos b\u00e1sicos la semana entrante, llev\u00e1ndolas al 27%, una tasa mensual del 2,2%, por debajo de la inflaci\u00f3n, pero en l\u00ednea con las expectativas\u201d, indicaron desde&nbsp;<strong>Max Capital<\/strong>.<\/p>\n\n\n\n<p>Un informe de la gerencia de Estudios Econ\u00f3micos del&nbsp;<strong>Banco Provincia<\/strong>&nbsp;defini\u00f3 que \u201chacia adelante, sobresale que el cierre de 2024 fue muy distinto que la primera mitad: la apreciaci\u00f3n cambiaria y la emisi\u00f3n de deuda de empresas en d\u00f3lares configuraron otro escenario que el de d\u00f3lar caro y demanda interna deprimida de la primera parte. Por lo tanto, tiene m\u00e1s sentido enfocarnos en los \u00faltimos meses: preguntarnos si su tendencia se mantendr\u00e1\u201d.<\/p>\n\n\n\n<p>\u201cDesde una perspectiva macro, la apreciaci\u00f3n cambiaria depend\u00eda del sendero de Reservas esperado: que el Banco Central tuviera d\u00f3lares. Ahora bien, desde la micro, hay sectores estructuralmente superavitarios en divisas y otros deficitarios: en tanto que el agro exporta mucho m\u00e1s de lo que importa, la industria, excluida alimentos y bebidas, est\u00e1 en la situaci\u00f3n inversa. Por su parte, el sector energ\u00e9tico fue deficitario entre 2011 y 2013, pero la tendencia cambi\u00f3 el a\u00f1o pasado, y su super\u00e1vit comercial alcanzar\u00eda USD 8.000 millones en 2025\u2033, a\u00f1adi\u00f3 el informe.<\/p>\n\n\n\n<p><strong>Evoluci\u00f3n de las reservas internacionales 2019-2025<\/strong><\/p>\n\n\n\n<p>\u201cCon una \u2018brecha\u2019 ya pr\u00f3xima a regresar al 10%, se extiende el clima de calma entre los d\u00f3lares financieros, lo cual combinado con las positivas se\u00f1ales desde la desinflaci\u00f3n podr\u00eda pr\u00f3ximamente desembocar en una reducci\u00f3n del ritmo de&nbsp;<em>crawling-peg<\/em>, lo cual contribuir\u00eda tambi\u00e9n a seguir reduciendo la nominalidad de la econom\u00eda\u201d, afirm\u00f3 el economista&nbsp;<strong>Gustavo Ber<\/strong>.<\/p>\n\n\n\n<p>En la semana, la ca\u00edda de las reservas brutas fue de unos USD 1.700 millones, debido a los pagos que afront\u00f3 el Tesoro por renta y capital de bonos soberanos.<\/p>\n\n\n\n<p><\/p>\n","protected":false},"excerpt":{"rendered":"<p>La entidad monetaria se alz\u00f3 este viernes con USD 167 millones por su intervenci\u00f3n cambiaria. Las reservas quedaron en USD 31.039 millones y en la semana cedieron USD 1.705 millones&hellip; <\/p>\n","protected":false},"author":6,"featured_media":184157,"comment_status":"closed","ping_status":"open","sticky":false,"template":"","format":"standard","meta":{"footnotes":""},"categories":[20],"tags":[],"class_list":["post-184156","post","type-post","status-publish","format-standard","has-post-thumbnail","hentry","category-economia"],"_links":{"self":[{"href":"https:\/\/corrientesdetarde.com\/index.php\/wp-json\/wp\/v2\/posts\/184156","targetHints":{"allow":["GET"]}}],"collection":[{"href":"https:\/\/corrientesdetarde.com\/index.php\/wp-json\/wp\/v2\/posts"}],"about":[{"href":"https:\/\/corrientesdetarde.com\/index.php\/wp-json\/wp\/v2\/types\/post"}],"author":[{"embeddable":true,"href":"https:\/\/corrientesdetarde.com\/index.php\/wp-json\/wp\/v2\/users\/6"}],"replies":[{"embeddable":true,"href":"https:\/\/corrientesdetarde.com\/index.php\/wp-json\/wp\/v2\/comments?post=184156"}],"version-history":[{"count":2,"href":"https:\/\/corrientesdetarde.com\/index.php\/wp-json\/wp\/v2\/posts\/184156\/revisions"}],"predecessor-version":[{"id":184159,"href":"https:\/\/corrientesdetarde.com\/index.php\/wp-json\/wp\/v2\/posts\/184156\/revisions\/184159"}],"wp:featuredmedia":[{"embeddable":true,"href":"https:\/\/corrientesdetarde.com\/index.php\/wp-json\/wp\/v2\/media\/184157"}],"wp:attachment":[{"href":"https:\/\/corrientesdetarde.com\/index.php\/wp-json\/wp\/v2\/media?parent=184156"}],"wp:term":[{"taxonomy":"category","embeddable":true,"href":"https:\/\/corrientesdetarde.com\/index.php\/wp-json\/wp\/v2\/categories?post=184156"},{"taxonomy":"post_tag","embeddable":true,"href":"https:\/\/corrientesdetarde.com\/index.php\/wp-json\/wp\/v2\/tags?post=184156"}],"curies":[{"name":"wp","href":"https:\/\/api.w.org\/{rel}","templated":true}]}}