{"id":184162,"date":"2025-01-10T18:42:00","date_gmt":"2025-01-10T21:42:00","guid":{"rendered":"https:\/\/corrientesdetarde.com\/?p=184162"},"modified":"2025-01-10T18:40:55","modified_gmt":"2025-01-10T21:40:55","slug":"ratificaron-que-nisman-fue-asesinado-por-investigar-el-encubrimiento-del-atentado-a-la-amia","status":"publish","type":"post","link":"https:\/\/corrientesdetarde.com\/index.php\/crimen-y-justicia\/ratificaron-que-nisman-fue-asesinado-por-investigar-el-encubrimiento-del-atentado-a-la-amia\/","title":{"rendered":"Ratificaron que Nisman fue asesinado por investigar el encubrimiento del atentado a la AMIA."},"content":{"rendered":"\n<h2 class=\"wp-block-heading\">A d\u00edas de cumplirse 10 a\u00f1os de la muerte del ex funcionario judicial, se public\u00f3 un trabajo de la unidad que encabeza el fiscal Eduardo Taiano, que hace foco en los hallazgos de la investigaci\u00f3n y se\u00f1ala la falta de colaboraci\u00f3n de organismos vinculados a los servicios de inteligencia y \u00e1reas del gobierno kirchnerista.<\/h2>\n\n\n\n<p>Un informe presentado por la Fiscal\u00eda Federal N\u00b03, encabezada por Eduardo Taiano con la colaboraci\u00f3n del auxiliar Hern\u00e1n Kleiman, reafirma que el fiscal Natalio Alberto Nisman fue asesinado debido a su trabajo en la Unidad Fiscal de Investigaci\u00f3n del Atentado a la AMIA (UFI-AMIA).<\/p>\n\n\n\n<p>El documento sostiene que Nisman fue v\u00edctima de un homicidio vinculado a su denuncia sobre el Memor\u00e1ndum de Entendimiento con Ir\u00e1n., que buscaba encubrir a los responsables del ataque a la mutual jud\u00eda que dej\u00f3 un saldo de 85 muertos.<\/p>\n\n\n\n<p>La hip\u00f3tesis central del trabajo judicial apunta a que el crimen fue ejecutado por actores que buscaron silenciar al fiscal, cuyos hallazgos en torno al pacto con Ir\u00e1n compromet\u00edan a altos funcionarios del gobierno argentino que en ese momento encabezaba Cristina Kirchner. &#8220;Se encuentran en curso medidas para determinar la identidad de aquellos que ejecutaron el hecho y de qui\u00e9nes lo ordenaron&#8221;, se\u00f1ala la fiscal\u00eda.<\/p>\n\n\n\n<p>El informe tiene 52 p\u00e1ginas y el contenido est\u00e1 dividido en siete cap\u00edtulos que se enfocan en la reconstrucci\u00f3n de la escena del crimen, el an\u00e1lisis de la denuncia de Nisman contra funcionarios del gobierno argentino y un apartado espec\u00edfico que detalla los avances periciales obtenidos desde que la causa fue transferida al fuero federal. Y entre las medidas tomadas destaca pericias forenses, an\u00e1lisis de comunicaciones y entrevistas a testigos clave que consolidaron la tesis del homicidio como un acto intencional relacionado con las actividades del fiscal.<\/p>\n\n\n\n<p>Tras haber asumido el tr\u00e1mite de la causa y analizado en detalle los elementos de prueba, el fiscal Taiano denunci\u00f3 la existencia de graves irregularidades en el procedimiento llevado a cabo entre los d\u00edas 18 y 19 de enero de 2015, cuando Nisman fue hallado sin vida: &#8220;La primera hora y media desde que se ingres\u00f3 al departamento estuvo repleta de entradas y salidas de distintos funcionarios de la Prefectura Naval Argentina y la Polic\u00eda Federal Argentina. Hasta el momento no se ha brindado ning\u00fan tipo de justificaci\u00f3n o asignaci\u00f3n a tarea espec\u00edfica que sustente este accionar, que atent\u00f3 directamente contra la preservaci\u00f3n de la escena&#8221;.<\/p>\n\n\n\n<p>&#8220;En la escena del crimen circularon esa noche m\u00e1s de 80 personas. No hace falta ser un experto en la materia para advertir que esa cantidad de gente en la escena de un crimen no tiene justificaci\u00f3n alguna&#8221;, se enfatiza.<\/p>\n\n\n\n<p>Adem\u00e1s, en el texto conocido hoy se recuerda que en la investigaci\u00f3n de la muerte del fiscal, &#8220;se corrobor\u00f3 la participaci\u00f3n activa de terceras personas, las cuales ingresaron al departamento y, luego de reducirlo (a Nisman), lo trasladaron hasta el ba\u00f1o ubicado en el cuarto principal de la vivienda. All\u00ed, con la intenci\u00f3n de simular un suicidio, lo obligaron a colocarse de rodillas y le dispararon en la cabeza, en el horario comprendido entre las \u00faltimas horas del 17 y la madrugada del 18 de enero de 2015\u2033.<\/p>\n\n\n\n<p>&#8220;De inmediato -se agrega en el texto- se verific\u00f3 que como parte del plan criminal tendiente a simular un suicidio fue necesario facilitar el ingreso al domicilio de un arma con un v\u00ednculo verificable que permitiera franquear accesos y controles hasta el Dr. Nisman e inicialmente implantar la duda respecto del fatal desenlace -concepto conocido como &#8220;arma amiga&#8221;-. En el caso, el plan homicida se llev\u00f3 adelante con la utilizaci\u00f3n de un arma registrada a nombre de Diego \u00c1ngel Lagomarsino&#8221;, quien era colaborador del fiscal y prestaba servicios en la UFI-AMIA.<\/p>\n\n\n\n<p>Luego se repasa que el fiscal Taiano tambi\u00e9n analiz\u00f3 &#8220;la labor ineficiente de la custodia que deb\u00eda proteger a Nisman en su departamento&#8221;. Y se destac\u00f3 que &#8220;durante ese fin de semana los miembros de la Polic\u00eda Federal Argentina que deb\u00edan protegerlo abandonaron la consigna vigente en reiteradas ocasiones y por lapsos de tiempo prolongados. De esta forma, no s\u00f3lo se vio facilitado el accionar homicida que termin\u00f3 con la vida del fiscal, sino tambi\u00e9n la libertad de manipular la escena sin ning\u00fan tipo de control&#8221;.<\/p>\n\n\n\n<p>Los cap\u00edtulos del informe incluyen no s\u00f3lo el relato de los hechos investigados, sino tambi\u00e9n los obst\u00e1culos encontrados en el proceso, como la falta de colaboraci\u00f3n por parte de algunos organismos relevantes vinculados a los servicios de inteligencia y \u00e1reas del gobierno que manejaban informaci\u00f3n sensible sobre el atentado a la AMIA y sus posibles inteligencia<\/p>\n\n\n\n<p>&#8220;Al d\u00eda de hoy, s\u00f3lo por mencionar un ejemplo evidente, no sabemos si los autores del homicidio pudieron haber salido del departamento por la v\u00eda de acceso ubicada en la cocina que nadie advirti\u00f3 (o quiso advertir) durante los primeros momentos de la investigaci\u00f3n&#8221;, se destaca en el escrito.<\/p>\n\n\n\n<p>En ese sentido, se menciona que numerosos pedidos de acceso a documentos espec\u00edficos fueron ignorados o demorados de manera injustificada, lo que dificult\u00f3 avanzar en el esclarecimiento de la causa. Adem\u00e1s, se denunci\u00f3 que algunos informes entregados por estas entidades llegaron incompletos o con informaci\u00f3n irrelevante, lo que gener\u00f3 suspicacias y potenci\u00f3 las sospechas sobre un ocultamiento deliberado.<\/p>\n\n\n\n<p><em><strong>Conclusiones finales<\/strong>&nbsp;<\/em><br>En el \u00faltimo cap\u00edtulo del informe se apunta que, en el marco de las investigaciones actuales, el fiscal Taiano anunci\u00f3 que se est\u00e1n impulsando nuevas imputaciones contra sospechosos que podr\u00edan haber tenido participaci\u00f3n en el homicidio de Nisman. Aunque no se dieron nombres espec\u00edficos, el informe subraya la necesidad de esclarecer el rol de ciertos actores cuya vinculaci\u00f3n con servicios de inteligencia podr\u00eda ser clave para el caso.<\/p>\n\n\n\n<p>En este contexto, se present\u00f3 un pedido formal de desclasificaci\u00f3n de documentos de inteligencia que podr\u00edan contener informaci\u00f3n relevante para determinar las responsabilidades en la planificaci\u00f3n y ejecuci\u00f3n del crimen. Seg\u00fan el informe, estos documentos podr\u00edan arrojar luz sobre las conexiones entre organismos nacionales e internacionales involucrados en el encubrimiento del atentado a la AMIA y, por ende, en la posterior muerte del fiscal.<\/p>\n\n\n\n<p>El trabajo de la fiscal\u00eda fue presentado pocos d\u00edas antes de cumplirse el d\u00e9cimo aniversario de la muerte de Nisman, quien fue hallado sin vida el 18 de enero de 2015 en su departamento de Puerto Madero. En aquel momento, la noticia sacudi\u00f3 a todo el pa\u00eds, generando una enorme controversia sobre las circunstancias de su muerte y el impacto que podr\u00eda tener en la investigaci\u00f3n del atentado a la AMIA.<\/p>\n\n\n\n<p>La causa inicialmente qued\u00f3 en el fuero criminal ordinario, con hip\u00f3tesis que fluctuaron entre el suicidio y el homicidio. Sin embargo, en 2016 la investigaci\u00f3n pas\u00f3 al fuero federal, y desde entonces la Fiscal\u00eda liderada por Eduardo Taiano ha trabajado en la recopilaci\u00f3n de pruebas que ratifican la teor\u00eda del homicidio vinculado a la labor del fiscal en la UFI-AMIA.<\/p>\n","protected":false},"excerpt":{"rendered":"<p>A d\u00edas de cumplirse 10 a\u00f1os de la muerte del ex funcionario judicial, se public\u00f3 un trabajo de la unidad que encabeza el fiscal Eduardo Taiano, que hace foco en&hellip; <\/p>\n","protected":false},"author":6,"featured_media":184165,"comment_status":"closed","ping_status":"open","sticky":false,"template":"","format":"standard","meta":{"footnotes":""},"categories":[5],"tags":[],"class_list":["post-184162","post","type-post","status-publish","format-standard","has-post-thumbnail","hentry","category-crimen-y-justicia"],"_links":{"self":[{"href":"https:\/\/corrientesdetarde.com\/index.php\/wp-json\/wp\/v2\/posts\/184162","targetHints":{"allow":["GET"]}}],"collection":[{"href":"https:\/\/corrientesdetarde.com\/index.php\/wp-json\/wp\/v2\/posts"}],"about":[{"href":"https:\/\/corrientesdetarde.com\/index.php\/wp-json\/wp\/v2\/types\/post"}],"author":[{"embeddable":true,"href":"https:\/\/corrientesdetarde.com\/index.php\/wp-json\/wp\/v2\/users\/6"}],"replies":[{"embeddable":true,"href":"https:\/\/corrientesdetarde.com\/index.php\/wp-json\/wp\/v2\/comments?post=184162"}],"version-history":[{"count":2,"href":"https:\/\/corrientesdetarde.com\/index.php\/wp-json\/wp\/v2\/posts\/184162\/revisions"}],"predecessor-version":[{"id":184168,"href":"https:\/\/corrientesdetarde.com\/index.php\/wp-json\/wp\/v2\/posts\/184162\/revisions\/184168"}],"wp:featuredmedia":[{"embeddable":true,"href":"https:\/\/corrientesdetarde.com\/index.php\/wp-json\/wp\/v2\/media\/184165"}],"wp:attachment":[{"href":"https:\/\/corrientesdetarde.com\/index.php\/wp-json\/wp\/v2\/media?parent=184162"}],"wp:term":[{"taxonomy":"category","embeddable":true,"href":"https:\/\/corrientesdetarde.com\/index.php\/wp-json\/wp\/v2\/categories?post=184162"},{"taxonomy":"post_tag","embeddable":true,"href":"https:\/\/corrientesdetarde.com\/index.php\/wp-json\/wp\/v2\/tags?post=184162"}],"curies":[{"name":"wp","href":"https:\/\/api.w.org\/{rel}","templated":true}]}}