{"id":184301,"date":"2025-01-11T19:16:51","date_gmt":"2025-01-11T22:16:51","guid":{"rendered":"https:\/\/corrientesdetarde.com\/?p=184301"},"modified":"2025-01-11T19:16:56","modified_gmt":"2025-01-11T22:16:56","slug":"las-ferias-de-la-ciudad-renuevan-su-recorrido-por-los-barrios","status":"publish","type":"post","link":"https:\/\/corrientesdetarde.com\/index.php\/informacion-general\/las-ferias-de-la-ciudad-renuevan-su-recorrido-por-los-barrios\/","title":{"rendered":"Las Ferias de la Ciudad renuevan su recorrido por los barrios"},"content":{"rendered":"\n<p>A trav\u00e9s de las Ferias de la Ciudad, propuesta coordinada por la Secretar\u00eda de Desarrollo Econ\u00f3mico municipal, a trav\u00e9s de la Subsecretar\u00eda de Econom\u00eda Social, la Municipalidad de Corrientes contin\u00faa acercando productos de calidad, con interesantes ofertas y combos, a diferentes espacios p\u00fablicos de los barrios.<\/p>\n\n\n\n<p>En la tercera semana de enero, la Feria arrancar\u00e1 su recorrido de manera simult\u00e1nea este martes 14 en la plaza Torrent -San Lorenzo y Bol\u00edvar- y en plaza Los Amigos del barrio Libertad, frente a la escuela N\u00ba6 por calle Brasil.<\/p>\n\n\n\n<p>El mi\u00e9rcoles 15 los feriantes se trasladar\u00e1n a la plaza Torrent. En tanto que el jueves 16 estar\u00e1n en plaza La Cruz, por calle Salta, en el barrio del mismo nombre.<\/p>\n\n\n\n<p>El recorrido continuar\u00e1 el s\u00e1bado 18, de 8 a 13, por la calle Pil\u00fa G\u00f3mez y Jos\u00e9 Rol\u00f3n, en el parque Mitre. Y por la tarde, en el Paseo Arazaty, de 10 a 22.<\/p>\n\n\n\n<p>El domingo 19 los puesteros estar\u00e1n nuevamente en el Paseo Arazaty y ofrecer\u00e1n de 10 a 20, plantas ornamentales, ofertas gastron\u00f3micas, artesan\u00edas y manualidades.<\/p>\n\n\n\n<h3 class=\"wp-block-heading\">Cronograma<\/h3>\n\n\n\n<p>Martes 14 de enero: plaza Torrent (Centro) y plaza Los Amigos (Libertad)<\/p>\n\n\n\n<p>Mi\u00e9rcoles 15 de enero: plaza Torrent (Centro)<\/p>\n\n\n\n<p>Jueves 16 de enero: plaza La Cruz (barrio La Cruz)<\/p>\n\n\n\n<p>S\u00e1bado 18 de enero: parque Mitre (barrio Aldana) de 8 a 13, y Paseo Arazaty de 10 a 22<\/p>\n\n\n\n<p>Domingo 19 de enero: Paseo Arazaty, de 10 a 20<\/p>\n","protected":false},"excerpt":{"rendered":"<p>A trav\u00e9s de las Ferias de la Ciudad, propuesta coordinada por la Secretar\u00eda de Desarrollo Econ\u00f3mico municipal, a trav\u00e9s de la Subsecretar\u00eda de Econom\u00eda Social, la Municipalidad de Corrientes contin\u00faa&hellip; <\/p>\n","protected":false},"author":1,"featured_media":121258,"comment_status":"closed","ping_status":"open","sticky":false,"template":"","format":"standard","meta":{"footnotes":""},"categories":[1],"tags":[],"class_list":["post-184301","post","type-post","status-publish","format-standard","has-post-thumbnail","hentry","category-informacion-general"],"_links":{"self":[{"href":"https:\/\/corrientesdetarde.com\/index.php\/wp-json\/wp\/v2\/posts\/184301","targetHints":{"allow":["GET"]}}],"collection":[{"href":"https:\/\/corrientesdetarde.com\/index.php\/wp-json\/wp\/v2\/posts"}],"about":[{"href":"https:\/\/corrientesdetarde.com\/index.php\/wp-json\/wp\/v2\/types\/post"}],"author":[{"embeddable":true,"href":"https:\/\/corrientesdetarde.com\/index.php\/wp-json\/wp\/v2\/users\/1"}],"replies":[{"embeddable":true,"href":"https:\/\/corrientesdetarde.com\/index.php\/wp-json\/wp\/v2\/comments?post=184301"}],"version-history":[{"count":1,"href":"https:\/\/corrientesdetarde.com\/index.php\/wp-json\/wp\/v2\/posts\/184301\/revisions"}],"predecessor-version":[{"id":184308,"href":"https:\/\/corrientesdetarde.com\/index.php\/wp-json\/wp\/v2\/posts\/184301\/revisions\/184308"}],"wp:featuredmedia":[{"embeddable":true,"href":"https:\/\/corrientesdetarde.com\/index.php\/wp-json\/wp\/v2\/media\/121258"}],"wp:attachment":[{"href":"https:\/\/corrientesdetarde.com\/index.php\/wp-json\/wp\/v2\/media?parent=184301"}],"wp:term":[{"taxonomy":"category","embeddable":true,"href":"https:\/\/corrientesdetarde.com\/index.php\/wp-json\/wp\/v2\/categories?post=184301"},{"taxonomy":"post_tag","embeddable":true,"href":"https:\/\/corrientesdetarde.com\/index.php\/wp-json\/wp\/v2\/tags?post=184301"}],"curies":[{"name":"wp","href":"https:\/\/api.w.org\/{rel}","templated":true}]}}