{"id":184310,"date":"2025-01-11T19:18:03","date_gmt":"2025-01-11T22:18:03","guid":{"rendered":"https:\/\/corrientesdetarde.com\/?p=184310"},"modified":"2025-01-11T19:18:15","modified_gmt":"2025-01-11T22:18:15","slug":"travesia-cruzara-el-parana-de-itati-a-corrientes-en-honor-a-los-heroes-de-malvinas","status":"publish","type":"post","link":"https:\/\/corrientesdetarde.com\/index.php\/sociales\/travesia-cruzara-el-parana-de-itati-a-corrientes-en-honor-a-los-heroes-de-malvinas\/","title":{"rendered":"Traves\u00eda: cruzar\u00e1 el Paran\u00e1, de Itat\u00ed a Corrientes, en honor a los heroes de Malvinas"},"content":{"rendered":"\n<p>El atleta Santiago Guti\u00e9rrez buscar\u00e1 hacer una haza\u00f1a \u00fanica en Corrientes. Seg\u00fan coment\u00f3, este domingo 12, cruzar\u00e1 a nado el r\u00edo Paran\u00e1 entre Itat\u00ed y la vecina ciudad de Corrientes, como homenaje a los h\u00e9roes de Malvinas.<\/p>\n\n\n\n<p>La traves\u00eda que abarca 70 kil\u00f3metros ser\u00e1 un desaf\u00edo personal para el nadador que, a los 36 a\u00f1os, sufri\u00f3 un accidente que lo dej\u00f3 con una discapacidad. La iniciativa naci\u00f3 en 2022, cuando el nadador complet\u00f3 un cruce de 35 kil\u00f3metros. Este vez, llegar\u00e1 a Corrientes para marcar un nuevo hito.&nbsp;<\/p>\n\n\n\n<p>El cruce de Guti\u00e9rrez comenzar\u00e1 desde el amanecer en Itat\u00ed, con el objetivo de llegar a la playa Arazaty en la Capital correntina. El recorrido durar\u00e1 varias horas y se espera que el nadador lo complete cerca de las 17.30.<\/p>\n","protected":false},"excerpt":{"rendered":"<p>El atleta Santiago Guti\u00e9rrez buscar\u00e1 hacer una haza\u00f1a \u00fanica en Corrientes. Seg\u00fan coment\u00f3, este domingo 12, cruzar\u00e1 a nado el r\u00edo Paran\u00e1 entre Itat\u00ed y la vecina ciudad de Corrientes,&hellip; <\/p>\n","protected":false},"author":1,"featured_media":184311,"comment_status":"closed","ping_status":"open","sticky":false,"template":"","format":"standard","meta":{"footnotes":""},"categories":[17],"tags":[],"class_list":["post-184310","post","type-post","status-publish","format-standard","has-post-thumbnail","hentry","category-sociales"],"_links":{"self":[{"href":"https:\/\/corrientesdetarde.com\/index.php\/wp-json\/wp\/v2\/posts\/184310","targetHints":{"allow":["GET"]}}],"collection":[{"href":"https:\/\/corrientesdetarde.com\/index.php\/wp-json\/wp\/v2\/posts"}],"about":[{"href":"https:\/\/corrientesdetarde.com\/index.php\/wp-json\/wp\/v2\/types\/post"}],"author":[{"embeddable":true,"href":"https:\/\/corrientesdetarde.com\/index.php\/wp-json\/wp\/v2\/users\/1"}],"replies":[{"embeddable":true,"href":"https:\/\/corrientesdetarde.com\/index.php\/wp-json\/wp\/v2\/comments?post=184310"}],"version-history":[{"count":1,"href":"https:\/\/corrientesdetarde.com\/index.php\/wp-json\/wp\/v2\/posts\/184310\/revisions"}],"predecessor-version":[{"id":184312,"href":"https:\/\/corrientesdetarde.com\/index.php\/wp-json\/wp\/v2\/posts\/184310\/revisions\/184312"}],"wp:featuredmedia":[{"embeddable":true,"href":"https:\/\/corrientesdetarde.com\/index.php\/wp-json\/wp\/v2\/media\/184311"}],"wp:attachment":[{"href":"https:\/\/corrientesdetarde.com\/index.php\/wp-json\/wp\/v2\/media?parent=184310"}],"wp:term":[{"taxonomy":"category","embeddable":true,"href":"https:\/\/corrientesdetarde.com\/index.php\/wp-json\/wp\/v2\/categories?post=184310"},{"taxonomy":"post_tag","embeddable":true,"href":"https:\/\/corrientesdetarde.com\/index.php\/wp-json\/wp\/v2\/tags?post=184310"}],"curies":[{"name":"wp","href":"https:\/\/api.w.org\/{rel}","templated":true}]}}