{"id":184319,"date":"2025-01-12T09:36:03","date_gmt":"2025-01-12T12:36:03","guid":{"rendered":"https:\/\/corrientesdetarde.com\/?p=184319"},"modified":"2025-01-12T09:36:04","modified_gmt":"2025-01-12T12:36:04","slug":"asciende-a-16-la-cifra-de-muertos-por-incendios-forestales-en-los-angeles","status":"publish","type":"post","link":"https:\/\/corrientesdetarde.com\/index.php\/medio-ambiente\/asciende-a-16-la-cifra-de-muertos-por-incendios-forestales-en-los-angeles\/","title":{"rendered":"Asciende a 16 la cifra de muertos por incendios forestales en Los \u00c1ngeles"},"content":{"rendered":"\n<p>Al menos 16 personas han muerto por el fuego mientras miles de bomberos apuran su batalla contra la propagaci\u00f3n de las llamas por todo el condado de Los \u00c1ngeles, el m\u00e1s poblado de Estados Unidos, dijeron ayer s\u00e1bado las autoridades locales.<\/p>\n\n\n\n<p>Seg\u00fan una lista de fallecidos publicada por el M\u00e9dico Forense del condado de Los \u00c1ngeles, hasta la noche del s\u00e1bado, el n\u00famero confirmado de personas muertas en los incendios forestales ascend\u00eda a 16.<\/p>\n\n\n\n<p>Once muertes se produjeron en el incendio de Eaton, mientras cinco se registraron en la zona del fuego de Palisades.<\/p>\n\n\n\n<p>El fatal incendio en Eaton, que se desat\u00f3 la noche del martes, ha calcinado 14.117 acres (57,1 kil\u00f3metros cuadrados) cerca de Altadena y Pasadena. Hasta la tarde del s\u00e1bado, las llamas estaban controladas al 15 por ciento.<\/p>\n\n\n\n<p>El fuego segu\u00eda activo durante la noche en una zona inaccesible de pendiente empinada y vegetaci\u00f3n extremadamente seca, inform\u00f3 el Departamento de Silvicultura y Protecci\u00f3n contra Incendios de California (CAL FIRE, seg\u00fan su denominaci\u00f3n en ingl\u00e9s), en una actualizaci\u00f3n sobre la situaci\u00f3n. La secuencia de im\u00e1genes a\u00e9reas muestra que aproximadamente 7.081 estructuras pueden haber sido da\u00f1adas o destruidas por el incendio.<\/p>\n\n\n\n<p>El incendio de Palisades, el mayor de los al menos cinco incendios forestales activos en la regi\u00f3n de Los \u00c1ngeles, ha quemado 22.660 acres (91,7 kil\u00f3metros cuadrados) y destruido m\u00e1s de 5.300 estructuras desde este pasado martes. Hasta ahora, se hab\u00eda controlado el 11 por ciento del incendio.<\/p>\n\n\n\n<p>El gobernador de California, Gavin Newsom, dijo el s\u00e1bado que est\u00e1 redoblando el despliegue de la Guardia Nacional californiana para contribuir a la extinci\u00f3n de los incendios. Y que se est\u00e1n destinando recursos p\u00fablicos para combatir los incendios en Los \u00c1ngeles, con 1.680 guardias nacionales de California activos ahora mismo en la regi\u00f3n.<\/p>\n","protected":false},"excerpt":{"rendered":"<p>Al menos 16 personas han muerto por el fuego mientras miles de bomberos apuran su batalla contra la propagaci\u00f3n de las llamas por todo el condado de Los \u00c1ngeles, el&hellip; <\/p>\n","protected":false},"author":1,"featured_media":184323,"comment_status":"closed","ping_status":"open","sticky":false,"template":"","format":"standard","meta":{"footnotes":""},"categories":[6],"tags":[],"class_list":["post-184319","post","type-post","status-publish","format-standard","has-post-thumbnail","hentry","category-medio-ambiente"],"_links":{"self":[{"href":"https:\/\/corrientesdetarde.com\/index.php\/wp-json\/wp\/v2\/posts\/184319","targetHints":{"allow":["GET"]}}],"collection":[{"href":"https:\/\/corrientesdetarde.com\/index.php\/wp-json\/wp\/v2\/posts"}],"about":[{"href":"https:\/\/corrientesdetarde.com\/index.php\/wp-json\/wp\/v2\/types\/post"}],"author":[{"embeddable":true,"href":"https:\/\/corrientesdetarde.com\/index.php\/wp-json\/wp\/v2\/users\/1"}],"replies":[{"embeddable":true,"href":"https:\/\/corrientesdetarde.com\/index.php\/wp-json\/wp\/v2\/comments?post=184319"}],"version-history":[{"count":1,"href":"https:\/\/corrientesdetarde.com\/index.php\/wp-json\/wp\/v2\/posts\/184319\/revisions"}],"predecessor-version":[{"id":184324,"href":"https:\/\/corrientesdetarde.com\/index.php\/wp-json\/wp\/v2\/posts\/184319\/revisions\/184324"}],"wp:featuredmedia":[{"embeddable":true,"href":"https:\/\/corrientesdetarde.com\/index.php\/wp-json\/wp\/v2\/media\/184323"}],"wp:attachment":[{"href":"https:\/\/corrientesdetarde.com\/index.php\/wp-json\/wp\/v2\/media?parent=184319"}],"wp:term":[{"taxonomy":"category","embeddable":true,"href":"https:\/\/corrientesdetarde.com\/index.php\/wp-json\/wp\/v2\/categories?post=184319"},{"taxonomy":"post_tag","embeddable":true,"href":"https:\/\/corrientesdetarde.com\/index.php\/wp-json\/wp\/v2\/tags?post=184319"}],"curies":[{"name":"wp","href":"https:\/\/api.w.org\/{rel}","templated":true}]}}