{"id":184320,"date":"2025-01-12T09:34:57","date_gmt":"2025-01-12T12:34:57","guid":{"rendered":"https:\/\/corrientesdetarde.com\/?p=184320"},"modified":"2025-01-12T09:35:09","modified_gmt":"2025-01-12T12:35:09","slug":"el-corsodromo-nolo-alias-tendra-la-misma-capacidad-del-cocomarola","status":"publish","type":"post","link":"https:\/\/corrientesdetarde.com\/index.php\/informacion-general\/el-corsodromo-nolo-alias-tendra-la-misma-capacidad-del-cocomarola\/","title":{"rendered":"El cors\u00f3dromo Nolo Al\u00edas tendr\u00e1 la misma capacidad del Cocomarola"},"content":{"rendered":"\n<p>El &#8220;gigante de Momo&#8221; va tomando forma y como si fuera un hormiguero reci\u00e9n pisado, un ej\u00e9rcito de t\u00e9cnicos labura de sol a sol para montar el gran escenario que tendr\u00e1 el Cors\u00f3dromo Nolo Al\u00edas, aguardando la jornada inicial del carnaval de Corrientes que ser\u00e1 el 1 de febrero. Desde la empresa organizadora &#8220;De la estrella&#8221;, buscan darle un colorido mayor al de la edici\u00f3n especial y con las dos tribunas de cementos, construidas por el Gobierno provincial, estiman que la capacidad general estar\u00eda cerca de los 14 mil espectadores.<\/p>\n\n\n\n<p>&#8220;Hace dos semanas que venimos trabajando de manera constante, la intenci\u00f3n es poder tener todo montado para el 23 de febrero. Si el tiempo nos sigue respondiendo vamos a llegar a la fecha&#8221;, expres\u00f3 Carlos Leguizamon, encargado de montaje de las tribunas del cors\u00f3dromo. Seg\u00fan refiri\u00f3, solo en tribunas habr\u00e1 una capacidad de 10 mil espectadores sumado a los palcos de empresas y firmas privadas.<\/p>\n\n\n\n<p>Adem\u00e1s de las estructuras de hierro, para esta edici\u00f3n habr\u00e1 varias obras para inaugurar. Y es que el Gobierno provincial construy\u00f3 tambi\u00e9n cinco oficinas que ser\u00e1n ocupadas por el equipo t\u00e9cnico de la organizaci\u00f3n del carnaval 2025. A esto se suman las dos tribunas con capacidad para 640 personas cada una.<\/p>\n\n\n\n<p>En medio de estas gradas populares, estar\u00e1 ubicada una estructura que ser\u00e1 de uso exclusivo para el jurado, tendr\u00e1 un espacio techado con balc\u00f3n hacia la calzada, con sala y ba\u00f1o privado. Frente a ello, estar\u00e1n los palcos oficiales, tanto del Gobierno como de la Municipalidad capitalina. Estas obras le dan m\u00e1s jerarqu\u00eda al espect\u00e1culo y espacios que pasar\u00e1n a ser parte del patrimonio del cors\u00f3dromo.<\/p>\n\n\n\n<p>Otro de los trabajos importantes tiene que ver con el nuevo acceso al predio, ser\u00e1 por Ruta Nacional N\u00b012 y mejorar\u00e1 sustancialmente tanto el ingreso vehicular como la desconcentraci\u00f3n tras la finalizaci\u00f3n de cada desfile de carnaval.<\/p>\n\n\n\n<p>Desde la organizaci\u00f3n informaron que ya se pueden elegir tribunas las primeras noches de desfile en el Cors\u00f3dromo Nolo Al\u00edas. A trav\u00e9s de la pagina www.carnavalencorrientes.com se pueden adquirir las entradas con precios que van desde $6.500.<\/p>\n\n\n\n<p>La noche inaugural de competencia ser\u00e1 el s\u00e1bado 1 de febrero y finalizar\u00e1 el lunes 3 de marzo. Las noches de competencia provincial ser\u00e1n los s\u00e1bados 17 y 24; mientras que los shows de comparsa ser\u00e1n el 5, 9 y 12 de febrero en el Anfiteatro Cocomarola.<\/p>\n","protected":false},"excerpt":{"rendered":"<p>El &#8220;gigante de Momo&#8221; va tomando forma y como si fuera un hormiguero reci\u00e9n pisado, un ej\u00e9rcito de t\u00e9cnicos labura de sol a sol para montar el gran escenario que&hellip; <\/p>\n","protected":false},"author":1,"featured_media":184321,"comment_status":"closed","ping_status":"open","sticky":false,"template":"","format":"standard","meta":{"footnotes":""},"categories":[1],"tags":[],"class_list":["post-184320","post","type-post","status-publish","format-standard","has-post-thumbnail","hentry","category-informacion-general"],"_links":{"self":[{"href":"https:\/\/corrientesdetarde.com\/index.php\/wp-json\/wp\/v2\/posts\/184320","targetHints":{"allow":["GET"]}}],"collection":[{"href":"https:\/\/corrientesdetarde.com\/index.php\/wp-json\/wp\/v2\/posts"}],"about":[{"href":"https:\/\/corrientesdetarde.com\/index.php\/wp-json\/wp\/v2\/types\/post"}],"author":[{"embeddable":true,"href":"https:\/\/corrientesdetarde.com\/index.php\/wp-json\/wp\/v2\/users\/1"}],"replies":[{"embeddable":true,"href":"https:\/\/corrientesdetarde.com\/index.php\/wp-json\/wp\/v2\/comments?post=184320"}],"version-history":[{"count":1,"href":"https:\/\/corrientesdetarde.com\/index.php\/wp-json\/wp\/v2\/posts\/184320\/revisions"}],"predecessor-version":[{"id":184322,"href":"https:\/\/corrientesdetarde.com\/index.php\/wp-json\/wp\/v2\/posts\/184320\/revisions\/184322"}],"wp:featuredmedia":[{"embeddable":true,"href":"https:\/\/corrientesdetarde.com\/index.php\/wp-json\/wp\/v2\/media\/184321"}],"wp:attachment":[{"href":"https:\/\/corrientesdetarde.com\/index.php\/wp-json\/wp\/v2\/media?parent=184320"}],"wp:term":[{"taxonomy":"category","embeddable":true,"href":"https:\/\/corrientesdetarde.com\/index.php\/wp-json\/wp\/v2\/categories?post=184320"},{"taxonomy":"post_tag","embeddable":true,"href":"https:\/\/corrientesdetarde.com\/index.php\/wp-json\/wp\/v2\/tags?post=184320"}],"curies":[{"name":"wp","href":"https:\/\/api.w.org\/{rel}","templated":true}]}}