{"id":185035,"date":"2025-01-16T09:20:14","date_gmt":"2025-01-16T12:20:14","guid":{"rendered":"https:\/\/corrientesdetarde.com\/?p=185035"},"modified":"2025-01-16T09:20:15","modified_gmt":"2025-01-16T12:20:15","slug":"matias-ferreira-emociona-con-solo-quiero-amarte-su-nuevo-lanzamiento-musical","status":"publish","type":"post","link":"https:\/\/corrientesdetarde.com\/index.php\/cultura\/matias-ferreira-emociona-con-solo-quiero-amarte-su-nuevo-lanzamiento-musical\/","title":{"rendered":"MAT\u00cdAS FERREIRA EMOCIONA CON \u201cSOLO QUIERO AMARTE\u201d, SU NUEVO LANZAMIENTO MUSICAL"},"content":{"rendered":"\n<p>El reconocido artista\u00a0<strong>Mat\u00edas Ferreira\u00a0<\/strong>regresa con \u201cSolo quiero amarte\u201d, el primer single de su esperado \u00e1lbum. Este lanzamiento, ya est\u00e1 disponible en Spotify, Apple Music, YouTube y todas las plataformas digitales, es una poderosa declaraci\u00f3n de amor que desaf\u00eda las normas sociales y celebra la inclusi\u00f3n y la diversidad.<br><br>El tema, que invita a reflexionar sobre el poder transformador del amor, transporta al oyente a un espacio donde las barreras desaparecen y el amor se convierte en el \u00fanico lenguaje. En palabras del propio artista:\u00a0<em>\u201cCada canci\u00f3n del \u00e1lbum es como el cap\u00edtulo de una serie, y tambi\u00e9n un cap\u00edtulo de mi vida. Toda la est\u00e9tica es en blanco y negro, porque siento que el blanco y negro te hace llevar un mensaje m\u00e1s profundo, sin la distracci\u00f3n de los colores, destacando lo esencial de la vida\u201d.<\/em><br><br>El videoclip de \u201cSolo quiero amarte\u201d, dirigido con calidad cinematogr\u00e1fica, presenta una historia conmovedora y desafiante: un hombre casado que revela estar enamorado de otro hombre. Esta narrativa, cargada de emotividad y valent\u00eda, reafirma el compromiso de Ferreira con la inclusi\u00f3n y la diversidad, posicion\u00e1ndolo como un referente art\u00edstico en la exploraci\u00f3n de temas sensibles y universales.<br><br>Ferreira, quien tambi\u00e9n es actor y bailar\u00edn, ha sabido integrar sus conocimientos en teatro para aportar una profundidad \u00fanica a su m\u00fasica. Su experiencia en estas disciplinas se refleja en cada detalle de su propuesta art\u00edstica, desde la composici\u00f3n musical hasta la narrativa visual, creando una experiencia integral para sus seguidores.<br><br>La segunda pieza del \u00e1lbum, ser\u00e1 lanzada el pr\u00f3ximo 14 de febrero,\u00a0<strong>D\u00eda de los Enamorados<\/strong>, y ya ha generado una gran expectativa en el p\u00fablico. \u201cSolo quiero amarte\u201d es apenas un adelanto de lo que promete ser una obra inolvidable, cargada de mensajes profundos y una est\u00e9tica cuidada al detalle.<\/p>\n\n\n\n<p><br><\/p>\n\n\n\n<p><\/p>\n\n\n\n<figure class=\"wp-block-embed is-type-video is-provider-youtube wp-block-embed-youtube wp-embed-aspect-16-9 wp-has-aspect-ratio\"><div class=\"wp-block-embed__wrapper\">\n<iframe loading=\"lazy\" title=\"Matias Ferreira - Solo quiero amarte (Official Video) Cap 1\" width=\"1110\" height=\"624\" src=\"https:\/\/www.youtube.com\/embed\/YPqWHEmmVDs?feature=oembed\" frameborder=\"0\" allow=\"accelerometer; autoplay; clipboard-write; encrypted-media; gyroscope; picture-in-picture; web-share\" referrerpolicy=\"strict-origin-when-cross-origin\" allowfullscreen><\/iframe>\n<\/div><\/figure>\n\n\n\n<p><br>Para m\u00e1s informaci\u00f3n sobre Mat\u00edas Ferreira y sus pr\u00f3ximos proyectos, visite sus redes sociales oficiales y plataformas digitales.<\/p>\n\n\n\n<p><strong>Redes:<\/strong><br><a href=\"https:\/\/www.tiktok.com\/@matiasferreiraa\" target=\"_blank\" rel=\"noreferrer noopener\">TikTok<\/a>&nbsp;|&nbsp;<a href=\"https:\/\/www.instagram.com\/matiasferreiraa\/\" target=\"_blank\" rel=\"noreferrer noopener\">Instagram<\/a>&nbsp;|&nbsp;<a href=\"https:\/\/www.youtube.com\/@soymatiasferreira\" target=\"_blank\" rel=\"noreferrer noopener\">YouTube<\/a>&nbsp;|&nbsp;<a href=\"https:\/\/open.spotify.com\/intl-es\/artist\/6ewTENQyk91FYHlNUxdnOG\" target=\"_blank\" rel=\"noreferrer noopener\">Spotify<\/a><\/p>\n\n\n\n<p><br><strong>Sobre Mat\u00edas Ferreira:&nbsp;<\/strong><br>Nacido en Uruguay y radicado en Madrid, Mat\u00edas Ferreira es mucho m\u00e1s que un cantante: es un artista integral. Su capacidad para combinar m\u00fasica, actuaci\u00f3n y danza, junto con una est\u00e9tica retro inspirada en los a\u00f1os 70, lo convierten en una figura \u00fanica en el entretenimiento. Siempre fiel a su identidad visual, Ferreira contin\u00faa marcando tendencia con su enfoque atemporal y su valent\u00eda para desafiar los c\u00e1nones establecidos.<\/p>\n","protected":false},"excerpt":{"rendered":"<p>El reconocido artista\u00a0Mat\u00edas Ferreira\u00a0regresa con \u201cSolo quiero amarte\u201d, el primer single de su esperado \u00e1lbum. Este lanzamiento, ya est\u00e1 disponible en Spotify, Apple Music, YouTube y todas las plataformas digitales,&hellip; <\/p>\n","protected":false},"author":11,"featured_media":185041,"comment_status":"closed","ping_status":"open","sticky":false,"template":"","format":"standard","meta":{"footnotes":""},"categories":[15,19],"tags":[],"class_list":["post-185035","post","type-post","status-publish","format-standard","has-post-thumbnail","hentry","category-cultura","category-espectaculos"],"_links":{"self":[{"href":"https:\/\/corrientesdetarde.com\/index.php\/wp-json\/wp\/v2\/posts\/185035","targetHints":{"allow":["GET"]}}],"collection":[{"href":"https:\/\/corrientesdetarde.com\/index.php\/wp-json\/wp\/v2\/posts"}],"about":[{"href":"https:\/\/corrientesdetarde.com\/index.php\/wp-json\/wp\/v2\/types\/post"}],"author":[{"embeddable":true,"href":"https:\/\/corrientesdetarde.com\/index.php\/wp-json\/wp\/v2\/users\/11"}],"replies":[{"embeddable":true,"href":"https:\/\/corrientesdetarde.com\/index.php\/wp-json\/wp\/v2\/comments?post=185035"}],"version-history":[{"count":1,"href":"https:\/\/corrientesdetarde.com\/index.php\/wp-json\/wp\/v2\/posts\/185035\/revisions"}],"predecessor-version":[{"id":185046,"href":"https:\/\/corrientesdetarde.com\/index.php\/wp-json\/wp\/v2\/posts\/185035\/revisions\/185046"}],"wp:featuredmedia":[{"embeddable":true,"href":"https:\/\/corrientesdetarde.com\/index.php\/wp-json\/wp\/v2\/media\/185041"}],"wp:attachment":[{"href":"https:\/\/corrientesdetarde.com\/index.php\/wp-json\/wp\/v2\/media?parent=185035"}],"wp:term":[{"taxonomy":"category","embeddable":true,"href":"https:\/\/corrientesdetarde.com\/index.php\/wp-json\/wp\/v2\/categories?post=185035"},{"taxonomy":"post_tag","embeddable":true,"href":"https:\/\/corrientesdetarde.com\/index.php\/wp-json\/wp\/v2\/tags?post=185035"}],"curies":[{"name":"wp","href":"https:\/\/api.w.org\/{rel}","templated":true}]}}