{"id":185043,"date":"2025-01-16T08:50:00","date_gmt":"2025-01-16T11:50:00","guid":{"rendered":"https:\/\/corrientesdetarde.com\/?p=185043"},"modified":"2025-01-16T09:22:51","modified_gmt":"2025-01-16T12:22:51","slug":"israel-acuso-a-hamas-de-intentar-cambiar-puntos-clave-del-acuerdo-de-alto-el-fuego","status":"publish","type":"post","link":"https:\/\/corrientesdetarde.com\/index.php\/internacionales\/israel-acuso-a-hamas-de-intentar-cambiar-puntos-clave-del-acuerdo-de-alto-el-fuego\/","title":{"rendered":"Israel acus\u00f3 a Hamas de intentar cambiar puntos clave del acuerdo de alto el fuego."},"content":{"rendered":"\n<h2 class=\"wp-block-heading\">El gobierno de Benjam\u00edn Netanyahu decidi\u00f3 retrasar la votaci\u00f3n hasta que los desacuerdos se aclaren. Afirman que el grupo palestino busca elegir los presos que ser\u00e1n liberados en el canje por rehenes.<\/h2>\n\n\n\n<p>La Oficina del primer ministro israel\u00ed,<strong>\u00a0Benjam\u00edn Netanyahu<\/strong>, acus\u00f3 este jueves a\u00a0<strong>Hamas\u00a0<\/strong>de crear una\u00a0<strong>\u201ccrisis de \u00faltimo minuto\u201d<\/strong>\u00a0tras intentar supuestamente modificar detalles del\u00a0<strong>borrador de acuerdo de alto el fuego\u00a0<\/strong>anunciado ayer por Qatar. Adem\u00e1s, asegur\u00f3 que el Gobierno israel\u00ed no aprobar\u00e1 su implementaci\u00f3n hasta que los desacuerdos se aclaren.<\/p>\n\n\n\n<p>\u201cHamas incumple partes del acuerdo alcanzado con los mediadores e Israel en un esfuerzo por&nbsp;<strong>extorsionar concesiones de \u00faltimo minuto<\/strong>\u201d, denunci\u00f3 la oficina del mandatario israel\u00ed.<\/p>\n\n\n\n<p>\u201cEl gabinete no se reunir\u00e1 hasta que los mediadores notifiquen a Israel que Hamas acept\u00f3 todos los elementos del acuerdo\u201d, resalt\u00f3.<\/p>\n\n\n\n<p>En un comunicado en respuesta, Hamas asegur\u00f3 que \u201cest\u00e1 comprometido con el acuerdo de alto el fuego, anunciado por los mediadores\u201d. Por su parte, Basem Naim, miembro del equipo pol\u00edtico de Hamas, dijo a la agencia de noticias&nbsp;<em>EFE&nbsp;<\/em>que&nbsp;<strong>no sab\u00eda a qu\u00e9 se refer\u00eda Netanyahu<\/strong>&nbsp;sobre nuevas demandas.<\/p>\n\n\n\n<p>La reuni\u00f3n de Gobierno, que estaba prevista este jueves a las 11, queda as\u00ed&nbsp;<strong>pospuesta de forma indefinida<\/strong>&nbsp;hasta que se resuelvan las discrepancias, pero medios locales israel\u00edes dicen que podr\u00eda celebrarse hoy por la tarde.<\/p>\n\n\n\n<p>Esta madrugada, la Oficina de Netanyahu inform\u00f3, en un primer comunicado, los mediadores de Doha le informaron al primer ministro que Hamas estaba intentando alejarse de lo ya acordado el 27 de mayo, al&nbsp;<strong>querer elegir qui\u00e9nes ser\u00e1n los presos liberados en un canje por rehenes.<\/strong><\/p>\n\n\n\n<p>\u201cEntre otras cosas, contrariamente a una&nbsp;<strong>cl\u00e1usula expl\u00edcita que otorga a Israel el derecho a vetar la liberaci\u00f3n de asesinos&nbsp;<\/strong>que son s\u00edmbolos de terrorismo,&nbsp;<strong>Hamas quiere dictar la identidad de esos terroristas<\/strong>\u201d, denuncia el texto, en lo que califica como \u201cintentos de chantaje\u201d.<\/p>\n\n\n\n<p>Seg\u00fan la emisora p\u00fablica&nbsp;<em>Kan<\/em>, el atraso de la votaci\u00f3n gubernamental podr\u00eda deberse a \u201clas deliberaciones en curso\u201d del partido Sionismo Religioso, presidido por el ministro de Finanzas y colono ultraderechista&nbsp;<strong>Bezalel Smotrich<\/strong>, sobre si abandonar o no el Ejecutivo una vez se apruebe el alto el fuego.<\/p>\n\n\n\n<p>Tanto Smotrich como el tambi\u00e9n colono y ministro de Seguridad Nacional,&nbsp;<strong>Itamar Ben Gvir<\/strong>, se oponen a lo que consideran<strong>&nbsp;un acuerdo de \u201crendici\u00f3n\u201d&nbsp;<\/strong>ante Hamas, que adem\u00e1s impedir\u00eda sus anhelos de que jud\u00edos colonos vuelvan a ocupar el enclave palestino posguerra.<\/p>\n\n\n\n<p>Pero incluso si esto sucediera, Netanyahu contar\u00eda con el apoyo mayoritario para dar luz verde al alto el fuego, que entrar\u00eda en vigor este domingo tras m\u00e1s de 15 meses de masacres y cerca de<strong>&nbsp;47.000 gazat\u00edes muertos.<\/strong><\/p>\n\n\n\n<h2 class=\"wp-block-heading\">Qu\u00e9 dice el acuerdo entre Israel y Hamas<\/h2>\n\n\n\n<ul class=\"wp-block-list\">\n<li><strong>Se liberar\u00e1n 33 rehenes<\/strong>: primero las mujeres y los ni\u00f1os. En una segunda etapa se sumar\u00e1n mujeres soldado y finalmente los adultos mayores de 50 a\u00f1os y los \u201ccasos humanitarios\u201d.<\/li>\n\n\n\n<li>En la primera lista trascendi\u00f3 que estar\u00eda incluida la familia argentina\u00a0<strong>Silberman Bibas<\/strong>\u00a0(Yardem, Shiri y sus hijos Ariel de 5 a\u00f1os y Kfir, de 1) y tambi\u00e9n\u00a0<strong>Iair Horn<\/strong>. Shiri y los dos ni\u00f1os fueron dados por muertos por la Yihad Isl\u00e1mica, pero no hubo confirmaci\u00f3n oficial.<\/li>\n\n\n\n<li>Israel se compromete a\u00a0<strong>liberar a 2000 palestinos detenidos convictos<\/strong>, incluidos 250 sentenciados a cadena perpetua. Adem\u00e1s, dejar\u00eda en libertad a otros mil capturados despu\u00e9s de los ataques de Hamas del 7 de octubre de 2023.<\/li>\n\n\n\n<li>Israel abrir\u00e1 el vital paso fronterizo de Rafah, fronterizo con Egipto, una semana despu\u00e9s de la entrada en vigencia del acuerdo. Este paso es considerado clave para garantizar el paso de la ayuda humanitaria, comida, combustibles y servicios m\u00e9dicos a la poblaci\u00f3n gazat\u00ed.<\/li>\n\n\n\n<li>Los militares israel\u00edes reducir\u00e1n su presencia en varias zonas de Gaza.<\/li>\n\n\n\n<li>Habr\u00e1 supervisi\u00f3n de Qatar y Egipto de los refugiados gazat\u00edes.<\/li>\n<\/ul>\n","protected":false},"excerpt":{"rendered":"<p>El gobierno de Benjam\u00edn Netanyahu decidi\u00f3 retrasar la votaci\u00f3n hasta que los desacuerdos se aclaren. Afirman que el grupo palestino busca elegir los presos que ser\u00e1n liberados en el canje&hellip; <\/p>\n","protected":false},"author":6,"featured_media":185047,"comment_status":"closed","ping_status":"open","sticky":false,"template":"","format":"standard","meta":{"footnotes":""},"categories":[11],"tags":[],"class_list":["post-185043","post","type-post","status-publish","format-standard","has-post-thumbnail","hentry","category-internacionales"],"_links":{"self":[{"href":"https:\/\/corrientesdetarde.com\/index.php\/wp-json\/wp\/v2\/posts\/185043","targetHints":{"allow":["GET"]}}],"collection":[{"href":"https:\/\/corrientesdetarde.com\/index.php\/wp-json\/wp\/v2\/posts"}],"about":[{"href":"https:\/\/corrientesdetarde.com\/index.php\/wp-json\/wp\/v2\/types\/post"}],"author":[{"embeddable":true,"href":"https:\/\/corrientesdetarde.com\/index.php\/wp-json\/wp\/v2\/users\/6"}],"replies":[{"embeddable":true,"href":"https:\/\/corrientesdetarde.com\/index.php\/wp-json\/wp\/v2\/comments?post=185043"}],"version-history":[{"count":2,"href":"https:\/\/corrientesdetarde.com\/index.php\/wp-json\/wp\/v2\/posts\/185043\/revisions"}],"predecessor-version":[{"id":185049,"href":"https:\/\/corrientesdetarde.com\/index.php\/wp-json\/wp\/v2\/posts\/185043\/revisions\/185049"}],"wp:featuredmedia":[{"embeddable":true,"href":"https:\/\/corrientesdetarde.com\/index.php\/wp-json\/wp\/v2\/media\/185047"}],"wp:attachment":[{"href":"https:\/\/corrientesdetarde.com\/index.php\/wp-json\/wp\/v2\/media?parent=185043"}],"wp:term":[{"taxonomy":"category","embeddable":true,"href":"https:\/\/corrientesdetarde.com\/index.php\/wp-json\/wp\/v2\/categories?post=185043"},{"taxonomy":"post_tag","embeddable":true,"href":"https:\/\/corrientesdetarde.com\/index.php\/wp-json\/wp\/v2\/tags?post=185043"}],"curies":[{"name":"wp","href":"https:\/\/api.w.org\/{rel}","templated":true}]}}