{"id":185270,"date":"2025-01-17T10:29:00","date_gmt":"2025-01-17T13:29:00","guid":{"rendered":"https:\/\/corrientesdetarde.com\/?p=185270"},"modified":"2025-01-17T10:42:44","modified_gmt":"2025-01-17T13:42:44","slug":"el-incendio-en-el-parque-nacional-nahuel-huapi-consumio-mas-de-4-000-hectareas","status":"publish","type":"post","link":"https:\/\/corrientesdetarde.com\/index.php\/medio-ambiente\/el-incendio-en-el-parque-nacional-nahuel-huapi-consumio-mas-de-4-000-hectareas\/","title":{"rendered":"El incendio en el Parque Nacional Nahuel Huapi consumi\u00f3 m\u00e1s de 4.000 hect\u00e1reas."},"content":{"rendered":"\n<h2 class=\"wp-block-heading\">A casi un mes de que comenzara el fuego en Los Manzanos, las autoridades alertaron sobre la posibilidad de que la actividad aumente en los pr\u00f3ximos d\u00edas por las r\u00e1fagas de viento pronosticadas en el \u00e1rea.<\/h2>\n\n\n\n<p>El incendio forestal que se desat\u00f3 el pasado 25 de diciembre en el \u00e1rea de\u00a0<strong>Los Manzanos<\/strong>, dentro del\u00a0<strong>Parque Nacional Nahuel Huapi<\/strong>, ya arras\u00f3 con 4.500 hect\u00e1reas de vegetaci\u00f3n. Seg\u00fan inform\u00f3 el\u00a0<strong>Comit\u00e9 de Emergencia<\/strong>, coordinado por el Parque Nacional y la\u00a0<strong>Direcci\u00f3n de Lucha Contra Incendios Forestales y Emergencias<\/strong>, el foco sigue fuera de control, por lo que las autoridades planificar\u00e1n nuevas estrategias para frenar la expansi\u00f3n de las llamas.<\/p>\n\n\n\n<p>Por medio de un comunicado, los representantes de la reserva natural destacaron que las lluvias recientes contribuyeron a reducir temporalmente la intensidad del fuego, ya que intensific\u00f3 el efecto que tuvo el trabajo de los brigadistas y el apoyo brindado por los medios a\u00e9reos.<\/p>\n\n\n\n<p>Sin embargo, las condiciones clim\u00e1ticas previstas para los pr\u00f3ximos d\u00edas complicar\u00edan la situaci\u00f3n, debido a que se esperar\u00eda un aumento en las temperaturas y una disminuci\u00f3n de la humedad relativa. Adem\u00e1s, alertaron que la intensidad del fuego podr\u00eda incrementarse por la presencia de vientos del oeste que oscilar\u00edan entre 10 y 25 km\/h, junto con r\u00e1fagas m\u00e1s intensas.<\/p>\n\n\n\n<p>Actualmente, las autoridades concentraron la estrategia de combate en tres puntos cr\u00edticos:\u00a0<strong>Los Manzanos<\/strong>,\u00a0<strong>Laguna Quetro<\/strong>\u00a0y\u00a0<strong>Las Melisas<\/strong>. En estas zonas, 92 brigadistas trabajan desde las 6 de la ma\u00f1ana en un ataque directo con herramientas manuales y equipos de agua. Adem\u00e1s, el mi\u00e9rcoles pasado un\u00a0<strong>Boeing 737 Fireline<\/strong>\u00a0realiz\u00f3 14 lanzamientos de 15.000 litros de agua cada uno sobre el sector 2, bajo la direcci\u00f3n de un experto de la\u00a0<strong>Administraci\u00f3n de Parques Nacionales (APN)<\/strong>\u00a0a bordo de la aeronave.<\/p>\n\n\n\n<p>De acuerdo a la informaci\u00f3n publicada por&nbsp;<em>Econ\u00f3micas Bariloche, e<\/em>n las zonas 3 y 4, cercanas al&nbsp;<strong>Lago Steffen<\/strong>, la actividad del fuego disminuy\u00f3 y se limit\u00f3 a \u00e1reas previamente quemadas. A pesar de esto, se mantiene un monitoreo constante, para evitar un posible reavivamiento.<\/p>\n\n\n\n<p>En las localidades de&nbsp;<strong>Lago Roca<\/strong>&nbsp;y&nbsp;<strong>Hess<\/strong>, los trabajos se centran en la construcci\u00f3n de cortafuegos y el despeje de vegetaci\u00f3n con maquinaria vial, buscando contener el avance del fuego. Incluso, los pobladores de la zona colaboraron al arrear el ganado a zonas seguras y limpiar las \u00e1reas cercanas a sus viviendas.<\/p>\n\n\n\n<p>Para optimizar los tiempos de traslado de los brigadistas hacia los puntos de trabajo en la monta\u00f1a, parte del equipo de recursos fue reubicado del&nbsp;<strong>Camping Viejo Manzano<\/strong>, en el Lago Steffen, al&nbsp;<strong>Camping de Roca<\/strong>, en la localidad de Mesa. Este cambio, coordinado con el apoyo del&nbsp;<strong>Ej\u00e9rcito Argentino<\/strong>&nbsp;y los departamentos de log\u00edstica de Parques Nacionales, permitir\u00e1 una respuesta m\u00e1s eficiente ante la emergencia. El resto de los brigadistas cumplir\u00e1n la misi\u00f3n de control de la regi\u00f3n cercana al lago.<\/p>\n\n\n\n<p>Por otro lado, el ministro de Desarrollo Econ\u00f3mico y Productivo de R\u00edo Negro,\u00a0<strong>Carlos Banacloy<\/strong>, la subsecretaria de Recursos Forestales,<strong>\u00a0Claudia Contreras<\/strong>, y el ministro de Seguridad de R\u00edo Negro,\u00a0<strong>Daniel Jara<\/strong>, se reunieron con el\u00a0<strong>Servicio de Prevenci\u00f3n y Lucha contra Incendios Forestales (SPLIF)<\/strong>, con la finalidad de evaluar la situaci\u00f3n actual del siniestro y establecer nuevas estrategias de combate y prevenci\u00f3n.<\/p>\n\n\n\n<p>Luego de que finalizara el encuentro, las autoridades ordenaron reforzar el control de tr\u00e1nsito y, sobre todo, en los accesos de El Manso y Foyel, al igual que incrementar la seguridad en la zona del aer\u00f3dromo de El Bols\u00f3n. \u201cQueremos ser claros y responsables en nuestro mensaje: el aer\u00f3dromo es la base operativa central en esta emergencia, por lo que pedimos a la poblaci\u00f3n evitar ingresar a esta zona para no interferir en las tareas\u201d, explic\u00f3 el titular de Desarrollo Econ\u00f3mico y Productivo.<\/p>\n\n\n\n<p>De igual forma, el ministro pidi\u00f3 a la ciudadan\u00eda acatar las recomendaciones brindadas por los brigadistas al apuntar: \u201cEs esencial que todos comprendamos la gravedad de la situaci\u00f3n y actuemos con responsabilidad\u201d. Asimismo, remarc\u00f3 que \u201cla seguridad de quienes trabajan en el terreno debe ser prioritaria\u201d, por lo que solicitaron evitar confrontaciones con los agentes en funciones.<\/p>\n\n\n\n<h2 class=\"wp-block-heading\">Clausuraron el Camping del Lago Falkner<\/h2>\n\n\n\n<p>A modo preventivo, la Administraci\u00f3n de Parques Nacionales cerr\u00f3 el<strong>&nbsp;Camping del Lago Falkner<\/strong>, en el Parque Nacional Nahuel Huapi, luego de que se detectaran una serie de incumplimientos que afectar\u00edan a la flora y fauna natural de la regi\u00f3n. \u201cNo se permitir\u00e1n actividades que de alguna manera pongan en riesgo las \u00c1reas Protegidas\u201d, advirtieron al promover el turismo sustentable.<\/p>\n\n\n\n<p><strong>\u201cRecordamos que solo se puede acampar y hacer fuego en lugares habilitados y remarcamos la importancia de recolectar los residuos que se generan durante la visita\u201d<\/strong>, apuntaron en un comunicado publicado en la red social X, para despu\u00e9s ratificar que cualquier tipo de actividad que fuera en contra de las normas del territorio podr\u00eda poner en peligro su orden natural.<\/p>\n\n\n\n<p>Por este motivo, pidieron a los visitantes que colaboren en denunciar este tipo de situaciones irregulares con el guardaparque o la autoridad m\u00e1s cercana. \u201cLos Parques Nacionales son patrimonio de todos los argentinos y representan un legado natural invaluable, cuya conservaci\u00f3n para las presentes y futuras generaciones es fundamental\u201d, concluyeron al reforzar la idea de que es un trabajo en conjunto \u201cproteger nuestras maravillas del mundo\u201d.<a href=\"https:\/\/www.infobae.com\/sociedad\/2025\/01\/17\/una-argentina-denuncio-que-su-hija-de-7-anos-fue-acosada-en-un-balneario-de-brasil-un-empleado-la-filmo-en-el-bano\/\" target=\"_blank\" rel=\"noreferrer noopener\"><\/a><\/p>\n\n\n\n<p><a href=\"https:\/\/www.infobae.com\/sociedad\/2025\/01\/17\/evacuaron-una-colonia-de-vacaciones-en-la-plata-por-un-gran-incendio-en-un-descampado\/\" target=\"_blank\" rel=\"noreferrer noopener\"><\/a><\/p>\n\n\n\n<p><a href=\"https:\/\/www.infobae.com\/sociedad\/2025\/01\/17\/un-incendio-en-campana-genero-cortes-de-luz-y-complico-el-transito-en-panamericana\/\" target=\"_blank\" rel=\"noreferrer noopener\"><\/a><\/p>\n","protected":false},"excerpt":{"rendered":"<p>A casi un mes de que comenzara el fuego en Los Manzanos, las autoridades alertaron sobre la posibilidad de que la actividad aumente en los pr\u00f3ximos d\u00edas por las r\u00e1fagas&hellip; <\/p>\n","protected":false},"author":6,"featured_media":185273,"comment_status":"closed","ping_status":"open","sticky":false,"template":"","format":"standard","meta":{"footnotes":""},"categories":[6],"tags":[],"class_list":["post-185270","post","type-post","status-publish","format-standard","has-post-thumbnail","hentry","category-medio-ambiente"],"_links":{"self":[{"href":"https:\/\/corrientesdetarde.com\/index.php\/wp-json\/wp\/v2\/posts\/185270","targetHints":{"allow":["GET"]}}],"collection":[{"href":"https:\/\/corrientesdetarde.com\/index.php\/wp-json\/wp\/v2\/posts"}],"about":[{"href":"https:\/\/corrientesdetarde.com\/index.php\/wp-json\/wp\/v2\/types\/post"}],"author":[{"embeddable":true,"href":"https:\/\/corrientesdetarde.com\/index.php\/wp-json\/wp\/v2\/users\/6"}],"replies":[{"embeddable":true,"href":"https:\/\/corrientesdetarde.com\/index.php\/wp-json\/wp\/v2\/comments?post=185270"}],"version-history":[{"count":2,"href":"https:\/\/corrientesdetarde.com\/index.php\/wp-json\/wp\/v2\/posts\/185270\/revisions"}],"predecessor-version":[{"id":185276,"href":"https:\/\/corrientesdetarde.com\/index.php\/wp-json\/wp\/v2\/posts\/185270\/revisions\/185276"}],"wp:featuredmedia":[{"embeddable":true,"href":"https:\/\/corrientesdetarde.com\/index.php\/wp-json\/wp\/v2\/media\/185273"}],"wp:attachment":[{"href":"https:\/\/corrientesdetarde.com\/index.php\/wp-json\/wp\/v2\/media?parent=185270"}],"wp:term":[{"taxonomy":"category","embeddable":true,"href":"https:\/\/corrientesdetarde.com\/index.php\/wp-json\/wp\/v2\/categories?post=185270"},{"taxonomy":"post_tag","embeddable":true,"href":"https:\/\/corrientesdetarde.com\/index.php\/wp-json\/wp\/v2\/tags?post=185270"}],"curies":[{"name":"wp","href":"https:\/\/api.w.org\/{rel}","templated":true}]}}