{"id":185316,"date":"2025-01-17T16:00:38","date_gmt":"2025-01-17T19:00:38","guid":{"rendered":"https:\/\/corrientesdetarde.com\/?p=185316"},"modified":"2025-01-17T16:00:50","modified_gmt":"2025-01-17T19:00:50","slug":"corrientes-mostrara-sus-atractivos-turisticos-y-culturales-en-pinamar","status":"publish","type":"post","link":"https:\/\/corrientesdetarde.com\/index.php\/locales\/corrientes-mostrara-sus-atractivos-turisticos-y-culturales-en-pinamar\/","title":{"rendered":"Corrientes mostrar\u00e1 sus atractivos tur\u00edsticos y culturales en Pinamar"},"content":{"rendered":"\n<p>La provincia de Corrientes desembarca en la costa atl\u00e1ntica para cautivar a los turistas con su rica oferta tur\u00edstica y cultural. Del 22 al 24 de enero, el Paseo del Norte Grande de Pinamar se convertir\u00e1 en un punto de encuentro para descubrir el enorme abanico de posibilidades que ofrece el Taragui.&nbsp;Tambi\u00e9n, habr\u00e1 una promoci\u00f3n especial de los productos Esteros del Iber\u00e1, Pesca Deportiva y Turismo Religioso de cara a la pr\u00f3xima Semana Santa.<\/p>\n\n\n\n<p>Durante estos d\u00edas, los visitantes podr\u00e1n disfrutar de una variada programaci\u00f3n que incluye shows en vivo, degustaciones de exquisita gastronom\u00eda correntina, como as\u00ed tambi\u00e9n, de los distintos juegos en el stand institucional con entrega de obsequios, adem\u00e1s de poder acceder a la informaci\u00f3n tur\u00edstica que resume las distintas opciones para disfrutar la provincia: carnaval, playas, ecoturismo, historia, cultura, religi\u00f3n, entre otros.<\/p>\n\n\n\n<p>Con esta propuesta, Corrientes busca posicionarse como un destino tur\u00edstico ideal para disfrutar de unas vacaciones inolvidables en cualquier \u00e9poca del a\u00f1o. Y para aquellos que est\u00e9n pensando en sus pr\u00f3ximas vacaciones de Semana Santa, esta ser\u00e1 una oportunidad \u00fanica para conocer las promociones especiales que la provincia tiene preparadas.<\/p>\n\n\n\n<p>Esta iniciativa se da en el marco de la campa\u00f1a de promoci\u00f3n del norte argentino, que promueven y alientan los gobernadores del Norte Grande, con el objetivo de visibilizar las propuestas culturales, tur\u00edsticas y de desarrollo productivo que tienen las provincias y la regi\u00f3n.<\/p>\n\n\n\n<p>Vale destacar que esta participaci\u00f3n institucional del Ministerio de Turismo de Corrientes responde a un trabajo coordinado con la Subsecretar\u00eda de Hacienda, organismo a cargo del doctor Patricio Carando que encabeza la representaci\u00f3n de la Provincia ante el Consejo Federal de Inversiones. Precisamente, el CFI financia distintas acciones promocionales del \u201cDestino Corrientes\u201d en ferias y exposiciones de car\u00e1cter nacional e internacional.<\/p>\n","protected":false},"excerpt":{"rendered":"<p>La provincia de Corrientes desembarca en la costa atl\u00e1ntica para cautivar a los turistas con su rica oferta tur\u00edstica y cultural. Del 22 al 24 de enero, el Paseo del&hellip; <\/p>\n","protected":false},"author":3,"featured_media":185327,"comment_status":"closed","ping_status":"open","sticky":false,"template":"","format":"standard","meta":{"footnotes":""},"categories":[8],"tags":[],"class_list":["post-185316","post","type-post","status-publish","format-standard","has-post-thumbnail","hentry","category-locales"],"_links":{"self":[{"href":"https:\/\/corrientesdetarde.com\/index.php\/wp-json\/wp\/v2\/posts\/185316","targetHints":{"allow":["GET"]}}],"collection":[{"href":"https:\/\/corrientesdetarde.com\/index.php\/wp-json\/wp\/v2\/posts"}],"about":[{"href":"https:\/\/corrientesdetarde.com\/index.php\/wp-json\/wp\/v2\/types\/post"}],"author":[{"embeddable":true,"href":"https:\/\/corrientesdetarde.com\/index.php\/wp-json\/wp\/v2\/users\/3"}],"replies":[{"embeddable":true,"href":"https:\/\/corrientesdetarde.com\/index.php\/wp-json\/wp\/v2\/comments?post=185316"}],"version-history":[{"count":1,"href":"https:\/\/corrientesdetarde.com\/index.php\/wp-json\/wp\/v2\/posts\/185316\/revisions"}],"predecessor-version":[{"id":185336,"href":"https:\/\/corrientesdetarde.com\/index.php\/wp-json\/wp\/v2\/posts\/185316\/revisions\/185336"}],"wp:featuredmedia":[{"embeddable":true,"href":"https:\/\/corrientesdetarde.com\/index.php\/wp-json\/wp\/v2\/media\/185327"}],"wp:attachment":[{"href":"https:\/\/corrientesdetarde.com\/index.php\/wp-json\/wp\/v2\/media?parent=185316"}],"wp:term":[{"taxonomy":"category","embeddable":true,"href":"https:\/\/corrientesdetarde.com\/index.php\/wp-json\/wp\/v2\/categories?post=185316"},{"taxonomy":"post_tag","embeddable":true,"href":"https:\/\/corrientesdetarde.com\/index.php\/wp-json\/wp\/v2\/tags?post=185316"}],"curies":[{"name":"wp","href":"https:\/\/api.w.org\/{rel}","templated":true}]}}