{"id":185318,"date":"2025-01-17T16:01:41","date_gmt":"2025-01-17T19:01:41","guid":{"rendered":"https:\/\/corrientesdetarde.com\/?p=185318"},"modified":"2025-01-17T16:01:42","modified_gmt":"2025-01-17T19:01:42","slug":"came-destaca-normativa-que-habilita-pagos-en-moneda-extranjera-en-comercios-pymes","status":"publish","type":"post","link":"https:\/\/corrientesdetarde.com\/index.php\/economia\/came-destaca-normativa-que-habilita-pagos-en-moneda-extranjera-en-comercios-pymes\/","title":{"rendered":"CAME destaca normativa que habilita pagos en moneda extranjera en comercios pymes"},"content":{"rendered":"\n<p>La Confederaci\u00f3n Argentina de la Mediana Empresa (CAME) valora de manera positiva las recientes modificaciones al sistema de exhibici\u00f3n de precios que, mediante la\u00a0Resoluci\u00f3n 4\/2025\u00a0de la Secretar\u00eda de Industria y Comercio, dependiente del Ministerio de Econom\u00eda de la Naci\u00f3n, actualiza la normativa existente. Adem\u00e1s, se le permite al comerciante pyme el cobro de un producto en moneda extranjera.<\/p>\n\n\n\n<p>En la resoluci\u00f3n se establece que ahora los precios de bienes y servicios podr\u00e1n exhibirse en d\u00f3lares estadounidenses u otras monedas extranjeras, adem\u00e1s de pesos argentinos. En todos los casos el comercio deber\u00e1 indicar el importe total y final que tendr\u00e1 que abonar el consumidor.<\/p>\n\n\n\n<p>A su vez, cabe destacar que la normativa resalta la necesidad de que los precios se muestren en forma clara, visible y legible, a la vista y al alcance de los consumidores, y que a partir del 1 de abril de 2025 ser\u00e1 obligatorio incluir la leyenda \u201cPrecio sin impuestos nacionales\u201d junto con el importe neto sin IVA ni otros impuestos nacionales indirectos, en menor tama\u00f1o que el precio final.<\/p>\n\n\n\n<p>CAME considera que a partir de esta decisi\u00f3n se busca dinamizar al comercio y garantizar la transparencia en la informaci\u00f3n brindada a los consumidores. Estas medidas no s\u00f3lo modernizan un esquema vigente desde 2002, sino que tambi\u00e9n otorgan mayores herramientas para competir y adaptarse a las nuevas din\u00e1micas comerciales.<\/p>\n","protected":false},"excerpt":{"rendered":"<p>La Confederaci\u00f3n Argentina de la Mediana Empresa (CAME) valora de manera positiva las recientes modificaciones al sistema de exhibici\u00f3n de precios que, mediante la\u00a0Resoluci\u00f3n 4\/2025\u00a0de la Secretar\u00eda de Industria y&hellip; <\/p>\n","protected":false},"author":3,"featured_media":185332,"comment_status":"closed","ping_status":"open","sticky":false,"template":"","format":"standard","meta":{"footnotes":""},"categories":[20],"tags":[],"class_list":["post-185318","post","type-post","status-publish","format-standard","has-post-thumbnail","hentry","category-economia"],"_links":{"self":[{"href":"https:\/\/corrientesdetarde.com\/index.php\/wp-json\/wp\/v2\/posts\/185318","targetHints":{"allow":["GET"]}}],"collection":[{"href":"https:\/\/corrientesdetarde.com\/index.php\/wp-json\/wp\/v2\/posts"}],"about":[{"href":"https:\/\/corrientesdetarde.com\/index.php\/wp-json\/wp\/v2\/types\/post"}],"author":[{"embeddable":true,"href":"https:\/\/corrientesdetarde.com\/index.php\/wp-json\/wp\/v2\/users\/3"}],"replies":[{"embeddable":true,"href":"https:\/\/corrientesdetarde.com\/index.php\/wp-json\/wp\/v2\/comments?post=185318"}],"version-history":[{"count":1,"href":"https:\/\/corrientesdetarde.com\/index.php\/wp-json\/wp\/v2\/posts\/185318\/revisions"}],"predecessor-version":[{"id":185338,"href":"https:\/\/corrientesdetarde.com\/index.php\/wp-json\/wp\/v2\/posts\/185318\/revisions\/185338"}],"wp:featuredmedia":[{"embeddable":true,"href":"https:\/\/corrientesdetarde.com\/index.php\/wp-json\/wp\/v2\/media\/185332"}],"wp:attachment":[{"href":"https:\/\/corrientesdetarde.com\/index.php\/wp-json\/wp\/v2\/media?parent=185318"}],"wp:term":[{"taxonomy":"category","embeddable":true,"href":"https:\/\/corrientesdetarde.com\/index.php\/wp-json\/wp\/v2\/categories?post=185318"},{"taxonomy":"post_tag","embeddable":true,"href":"https:\/\/corrientesdetarde.com\/index.php\/wp-json\/wp\/v2\/tags?post=185318"}],"curies":[{"name":"wp","href":"https:\/\/api.w.org\/{rel}","templated":true}]}}