{"id":185320,"date":"2025-01-17T16:01:09","date_gmt":"2025-01-17T19:01:09","guid":{"rendered":"https:\/\/corrientesdetarde.com\/?p=185320"},"modified":"2025-01-17T16:01:10","modified_gmt":"2025-01-17T19:01:10","slug":"con-gran-exito-el-carnaval-de-corrientes-desfilo-en-buenos-aires","status":"publish","type":"post","link":"https:\/\/corrientesdetarde.com\/index.php\/destacados\/con-gran-exito-el-carnaval-de-corrientes-desfilo-en-buenos-aires\/","title":{"rendered":"Con gran \u00e9xito, el Carnaval de Corrientes desfil\u00f3 en Buenos Aires"},"content":{"rendered":"\n<p>Con el fin de promocionar uno de los eventos populares m\u00e1s significativos que tiene la Provincia de Corrientes, el Carnaval se luci\u00f3 con todo su esplendor en la ciudad aut\u00f3noma de Buenos Aires, m\u00e1s precisamente en el centro comercial \u201cRecoleta Urban Mall\u201d ante una multitud de p\u00fablico presente. Al mismo tiempo como invitados especiales y con un gran desfile de trajes artesanales, m\u00fasica y bailes, los integrantes de las comparsas se presentaron ante el programa de tv \u201cCon Bienestar\u201d de canal 13- TN de la ciudad de Buenos Aires.<\/p>\n\n\n\n<p>Por otra parte, vale destacar que en este marco se brind\u00f3 informaci\u00f3n tur\u00edstica a los presentes, promocionando de esta manera los destinos tur\u00edsticos de la Provincia de Corrientes.<\/p>\n\n\n\n<p>Vale mencionar que esta gira organizada por el Gobierno de Corrientes y con el acompa\u00f1amiento del Ministerio de Turismo; cont\u00f3 con la colaboraci\u00f3n de varios integrantes de diversas agrupaciones y comparsas de la ciudad de Corrientes Capital.<\/p>\n","protected":false},"excerpt":{"rendered":"<p>Con el fin de promocionar uno de los eventos populares m\u00e1s significativos que tiene la Provincia de Corrientes, el Carnaval se luci\u00f3 con todo su esplendor en la ciudad aut\u00f3noma&hellip; <\/p>\n","protected":false},"author":3,"featured_media":185331,"comment_status":"closed","ping_status":"open","sticky":false,"template":"","format":"standard","meta":{"footnotes":""},"categories":[26],"tags":[],"class_list":["post-185320","post","type-post","status-publish","format-standard","has-post-thumbnail","hentry","category-destacados"],"_links":{"self":[{"href":"https:\/\/corrientesdetarde.com\/index.php\/wp-json\/wp\/v2\/posts\/185320","targetHints":{"allow":["GET"]}}],"collection":[{"href":"https:\/\/corrientesdetarde.com\/index.php\/wp-json\/wp\/v2\/posts"}],"about":[{"href":"https:\/\/corrientesdetarde.com\/index.php\/wp-json\/wp\/v2\/types\/post"}],"author":[{"embeddable":true,"href":"https:\/\/corrientesdetarde.com\/index.php\/wp-json\/wp\/v2\/users\/3"}],"replies":[{"embeddable":true,"href":"https:\/\/corrientesdetarde.com\/index.php\/wp-json\/wp\/v2\/comments?post=185320"}],"version-history":[{"count":1,"href":"https:\/\/corrientesdetarde.com\/index.php\/wp-json\/wp\/v2\/posts\/185320\/revisions"}],"predecessor-version":[{"id":185337,"href":"https:\/\/corrientesdetarde.com\/index.php\/wp-json\/wp\/v2\/posts\/185320\/revisions\/185337"}],"wp:featuredmedia":[{"embeddable":true,"href":"https:\/\/corrientesdetarde.com\/index.php\/wp-json\/wp\/v2\/media\/185331"}],"wp:attachment":[{"href":"https:\/\/corrientesdetarde.com\/index.php\/wp-json\/wp\/v2\/media?parent=185320"}],"wp:term":[{"taxonomy":"category","embeddable":true,"href":"https:\/\/corrientesdetarde.com\/index.php\/wp-json\/wp\/v2\/categories?post=185320"},{"taxonomy":"post_tag","embeddable":true,"href":"https:\/\/corrientesdetarde.com\/index.php\/wp-json\/wp\/v2\/tags?post=185320"}],"curies":[{"name":"wp","href":"https:\/\/api.w.org\/{rel}","templated":true}]}}