{"id":185322,"date":"2025-01-17T16:00:43","date_gmt":"2025-01-17T19:00:43","guid":{"rendered":"https:\/\/corrientesdetarde.com\/?p=185322"},"modified":"2025-01-17T16:00:45","modified_gmt":"2025-01-17T19:00:45","slug":"chamame-es-salud-llevo-musica-y-danza-al-hogar-juana-costa-de-chapo","status":"publish","type":"post","link":"https:\/\/corrientesdetarde.com\/index.php\/informacion-general\/chamame-es-salud-llevo-musica-y-danza-al-hogar-juana-costa-de-chapo\/","title":{"rendered":"&#8220;Chamam\u00e9 es salud&#8221; llev\u00f3 m\u00fasica y danza al Hogar &#8220;Juana Costa de Chapo&#8221;"},"content":{"rendered":"\n<p>El ciclo &#8220;Chamam\u00e9 es salud&#8221; inici\u00f3 este jueves en el Hogar de Ancianos &#8220;Juana Costa de Chapo&#8221;, como parte del Programa &#8220;Corrientes es Chamam\u00e9&#8221;, en el marco de la 34\u00aa Fiesta Nacional del Chamam\u00e9. Es as\u00ed que con el objetivo de llevar la celebraci\u00f3n chamamecera a distintas instituciones de la ciudad de Corrientes, la m\u00fasica y la danza desembarcaron de la mano de La Pilarcita y parejas de baile invitadas, con el acompa\u00f1amiento de los adultos mayores que aplaudieron, cantaron y se animaron a varios sapucay.<\/p>\n\n\n\n<p>Se trata de una propuesta organizada por el Gobierno de Corrientes&nbsp;a trav\u00e9s del Instituto de Cultura, que busca llevar la alegr\u00eda y la m\u00fasica del chamam\u00e9 a todos los rincones de la Capital correntina. En el patio del hogar, los adultos mayores reunidos, disfrutaron del estilo de la inconfundible acordeonista, quien despleg\u00f3 sin pausa un repertorio tarragosero, valseados y algunos cl\u00e1sicos del g\u00e9nero tradicional.<\/p>\n\n\n\n<p>Fiel a sus presentaciones, &#8220;La Pilarcita&#8221; se acerc\u00f3 a su p\u00fablico y los anim\u00f3 a cantar, hacer algunos pasos y hasta varios sapucay.&nbsp; La picard\u00eda de la artista se despleg\u00f3 con varios recitados dirigidas a Antonio Mu\u00f1oz de Los Incansables del Chamam\u00e9 (invitado por la chamamecera), quien se sum\u00f3 para sacar a bailar a varias damas; de la misma manera se integraron varias parejas de baile de Sentido Folclore, dirigidas por el profesor Ariel Castillo, completando el espect\u00e1culo.<\/p>\n\n\n\n<p>&#8220;Este ciclo tiene como finalidad hacer parte de la Fiesta a todos aquellos que no pueden asistir al Anfiteatro Cocomarola, pero que lo pueden vivenciar a trav\u00e9s de estas intervenciones art\u00edsticas&#8221;, expres\u00f3 Alexis Dabat, en representaci\u00f3n del Instituto de Cultura de Corrientes, en las palabras de inauguraci\u00f3n del ciclo. La agenda de dicha propuesta contin\u00faa este viernes a las 11 horas en el Hospital &#8220;Jos\u00e9 Ram\u00f3n Vidal&#8221; con la actuaci\u00f3n de Angir\u00fa y Cacho Esp\u00edndola.<\/p>\n","protected":false},"excerpt":{"rendered":"<p>El ciclo &#8220;Chamam\u00e9 es salud&#8221; inici\u00f3 este jueves en el Hogar de Ancianos &#8220;Juana Costa de Chapo&#8221;, como parte del Programa &#8220;Corrientes es Chamam\u00e9&#8221;, en el marco de la 34\u00aa&hellip; <\/p>\n","protected":false},"author":3,"featured_media":185330,"comment_status":"closed","ping_status":"open","sticky":false,"template":"","format":"standard","meta":{"footnotes":""},"categories":[1],"tags":[],"class_list":["post-185322","post","type-post","status-publish","format-standard","has-post-thumbnail","hentry","category-informacion-general"],"_links":{"self":[{"href":"https:\/\/corrientesdetarde.com\/index.php\/wp-json\/wp\/v2\/posts\/185322","targetHints":{"allow":["GET"]}}],"collection":[{"href":"https:\/\/corrientesdetarde.com\/index.php\/wp-json\/wp\/v2\/posts"}],"about":[{"href":"https:\/\/corrientesdetarde.com\/index.php\/wp-json\/wp\/v2\/types\/post"}],"author":[{"embeddable":true,"href":"https:\/\/corrientesdetarde.com\/index.php\/wp-json\/wp\/v2\/users\/3"}],"replies":[{"embeddable":true,"href":"https:\/\/corrientesdetarde.com\/index.php\/wp-json\/wp\/v2\/comments?post=185322"}],"version-history":[{"count":1,"href":"https:\/\/corrientesdetarde.com\/index.php\/wp-json\/wp\/v2\/posts\/185322\/revisions"}],"predecessor-version":[{"id":185335,"href":"https:\/\/corrientesdetarde.com\/index.php\/wp-json\/wp\/v2\/posts\/185322\/revisions\/185335"}],"wp:featuredmedia":[{"embeddable":true,"href":"https:\/\/corrientesdetarde.com\/index.php\/wp-json\/wp\/v2\/media\/185330"}],"wp:attachment":[{"href":"https:\/\/corrientesdetarde.com\/index.php\/wp-json\/wp\/v2\/media?parent=185322"}],"wp:term":[{"taxonomy":"category","embeddable":true,"href":"https:\/\/corrientesdetarde.com\/index.php\/wp-json\/wp\/v2\/categories?post=185322"},{"taxonomy":"post_tag","embeddable":true,"href":"https:\/\/corrientesdetarde.com\/index.php\/wp-json\/wp\/v2\/tags?post=185322"}],"curies":[{"name":"wp","href":"https:\/\/api.w.org\/{rel}","templated":true}]}}